{"id":216761,"date":"2024-10-31T16:05:48","date_gmt":"2024-10-31T15:05:48","guid":{"rendered":"https:\/\/www.messinaoggi.it\/website\/2024\/10\/31\/ultima-tappa-a-genova-per-la-campagna-di-marevivo-il-mare-a-scuola\/"},"modified":"2024-10-31T16:05:48","modified_gmt":"2024-10-31T15:05:48","slug":"ultima-tappa-a-genova-per-la-campagna-di-marevivo-il-mare-a-scuola","status":"publish","type":"post","link":"https:\/\/www.messinaoggi.it\/website\/2024\/10\/31\/ultima-tappa-a-genova-per-la-campagna-di-marevivo-il-mare-a-scuola\/","title":{"rendered":"Ultima tappa a Genova per la campagna di Marevivo \u201cIl mare a scuola\u201d"},"content":{"rendered":"<div>GENOVA (ITALPRESS) &#8211; Si conclude oggi la tappa di Genova de &#8220;Il Mare a Scuola&#8221; l&#8217;importante Campagna educativa promossa da Marevivo, in collaborazione con la MSC Foundation e la Fondazione Dohrn, per ribadire l&#8217;urgenza di inserire lo studio del mare e degli oceani nelle scuole di ogni ordine e grado. Un successo di pubblico che ha visto pi\u00f9 di mille studenti, decine di rappresentanti delle istituzioni locali e nazionali e del mondo politico, tanti cittadini, darsi appuntamento a bordo della Motonave Patrizia, per sostenere gli obiettivi della Campagna. Sono state percorse 1.200 miglia, partendo da Napoli, toccando i porti di Palermo, Livorno e Genova. Molti i temi discussi, tante le voci che hanno confermato la necessit\u00e0 di diffondere una maggiore consapevolezza ambientale tra i giovani, per affrontare la grave crisi climatica nella quale ci troviamo a vivere. I ragazzi a bordo della nave sono entrati in stretto contatto con il mare e sono stati coinvolti emotivamente attraverso laboratori pratici, seminari e l&#8217;esperienza unica della sala immersiva di bioacustica. Presente a bordo anche la mostra di Marevivo &#8220;ONLY ONE &#8211; One Planet, One Ocean, One Health&#8221; per spiegare la transizione ecologica necessaria a fronteggiare la crisi climatica.<br \/>&#8220;Il mare \u00e8 vita, l&#8217;educazione \u00e8 vita. Nella scorsa legislatura abbiamo modificato l&#8217;art. 9 della Costituzione, che tutela l&#8217;ambiente, la biodiversit\u00e0 e gli ecosistemi, anche nell&#8217;interesse delle future generazioni &#8211; ha dichiarato Sergio Costa, Vice Presidente della Camera dei Deputati. &#8211; Sia la Legge Salvamare che la modifica all&#8217;art. 9 della Carta costituzionale sono state votate all&#8217;unanimit\u00e0 e non \u00e8 scontato, vuol dire che maggioranza e opposizione si sono trovate d&#8217;accordo. E&#8217; il momento di andare avanti, abbiamo fatto il primo passo, due leggi importanti, ma manca il resto: l&#8217;attuazione e le risorse. Un paese con oltre 8 mila chilometri di costa ha necessit\u00e0 di norme che tutelino il mare, l&#8217;ambiente, gli ecosistemi, la biodiversit\u00e0&#8221;.<br \/>L&#8217;importanza del mare e della sua conoscenza sono uno dei pilastri dell&#8217;Ocean Decade &#8211; il piano decennale delle Nazioni Unite per mantenere l&#8217;oceano in salute e invertire il suo ciclo di declino innescato dall&#8217;uomo &#8211; che ha dato il prestigioso patrocinio alla campagna.<br \/>&#8220;La scuola \u00e8 davvero l&#8217;unica infrastruttura che pu\u00f2 cambiare in maniera sistemica le cose e le persone, e pu\u00f2 salvare il mare ma dobbiamo crederci tutti e parlarne di pi\u00f9 &#8211; ha sottolineato durante uno degli incontri Barbara Floridia, Presidente Commissione Vigilanza Rai &#8211; La forza trasmessa dal mare che ha trovato la sua voce attraverso quella di Marevivo e della sua Presidente arriva fino alle istituzioni, che hanno il dovere di ascoltarla&#8221;.<br \/>I rappresentanti del mondo dell&#8217;istruzione sono d&#8217;accordo nel considerare lo studio del mare come parte integrante di un curriculum scolastico che deve essere trattato in maniera trasversale e interdisciplinare. Inoltre, &#8220;Deve diventare un percorso formativo ineludibile e perch\u00e8 questo avvenga occorre una corretta formazione dei docenti&#8221; ha dichiarato Ferdinando Boero, Presidente Fondazione Dohrn e Vice Presidente Marevivo.<br \/>&#8220;Dall&#8217;entusiasmo manifestato dai ragazzi \u00e8 emersa con forza la necessit\u00e0 di avvicinarsi al mare in maniera innovativa, andando sul territorio, recuperando un contatto diretto con la natura, toccandola con mano. Strumento ideale per mettere in pratica questo percorso sono le nostre 32 Aree Marine Protette, zone di particolare pregio ambientale&#8221; ha evidenziato Rosalba Giugni, Presidente di Marevivo.<br \/>&#8220;Negli ultimi 10 giorni questa campagna ha messo in luce la necessit\u00e0 cruciale della blue education, mobilitando politica, istituzioni, enti scientifici, dirigenti scolastici in tutta Italia&#8221;, ha dichiarato Daniela Picco, Direttrice Esecutiva della MSC Foundation. &#8220;Questo appello unitario riflette l&#8217;urgenza di mettere l&#8217;educazione ambientale al centro dei programmi scolastici di ogni ordine e grado in Italia &#8211; e non solo &#8211; esortando le future generazioni a proteggere e preservare i nostri ecosistemi marini&#8221;.<br \/>&#8220;Non c&#8217;\u00e8 consapevolezza della situazione che stiamo vivendo. La politica non deve vivere solamente per risolvere i problemi quando sono accaduti, ma deve lavorare per anticiparli e far s\u00ec che non accadano&#8221;, dichiara Gian Marco Centinaio, Vice Presidente del Senato. Gli effetti devastanti della crisi climatica non conoscono confini e in questi giorni stanno colpendo duramente l&#8217;Europa. &#8220;Quello che \u00e8 accaduto in Spagna e quello che \u00e8 successo in Emilia Romagna si poteva evitare facendo prevenzione &#8211; rilancia Centinaio &#8211; Si pu\u00f2 lavorare sulla tutela del territorio, del mare, delle aree interne, perch\u00e8 non siano abbandonate. Quindi tutti insieme insegniamo ai giovani a fare meglio di noi e noi a fare il nostro lavoro&#8221;.<br \/>La Campagna &#8220;Il Mare a Scuola&#8221; \u00e8 stata realizzata con il patrocinio del Decennio 2021-2030 delle Nazioni Unite delle Scienze del Mare per lo Sviluppo Sostenibile e con il supporto di Navigazione Libera del Golfo (NLG).  <br \/>-foto xa8 Italpress-<br \/>(ITALPRESS).<\/div>\n<div id=\"div-gpt-ad-Messinaoggi.it-DSK-300x250-corpoart\" style=\"text-align:center;margin:0 auto;\"><\/div><\/p><div id=\"videoincontent\" style=\"clear:both\";><\/div>","protected":false},"excerpt":{"rendered":"<p>GENOVA (ITALPRESS) &#8211; Si conclude oggi la tappa di Genova de &#8220;Il Mare a Scuola&#8221; l&#8217;importante Campagna educativa promossa da Marevivo, in collaborazione con la MSC Foundation e la Fondazione Dohrn, per ribadire l&#8217;urgenza di inserire lo studio del mare e degli oceani nelle scuole di ogni ordine e grado. Un successo di pubblico che [&hellip;]<\/p>\n","protected":false},"author":18,"featured_media":216762,"comment_status":"closed","ping_status":"closed","sticky":false,"template":"","format":"standard","meta":{"ub_ctt_via":"","_mi_skip_tracking":false},"categories":[446],"tags":[783],"featured_image_src":"https:\/\/www.messinaoggi.it\/website\/wp-content\/uploads\/2024\/10\/20241031_0865.jpg","author_info":{"display_name":"Admin","author_link":"https:\/\/www.messinaoggi.it\/website\/author\/admin\/"},"digistream_id":0,"digistream":false,"_links":{"self":[{"href":"https:\/\/www.messinaoggi.it\/website\/wp-json\/wp\/v2\/posts\/216761"}],"collection":[{"href":"https:\/\/www.messinaoggi.it\/website\/wp-json\/wp\/v2\/posts"}],"about":[{"href":"https:\/\/www.messinaoggi.it\/website\/wp-json\/wp\/v2\/types\/post"}],"author":[{"embeddable":true,"href":"https:\/\/www.messinaoggi.it\/website\/wp-json\/wp\/v2\/users\/18"}],"replies":[{"embeddable":true,"href":"https:\/\/www.messinaoggi.it\/website\/wp-json\/wp\/v2\/comments?post=216761"}],"version-history":[{"count":0,"href":"https:\/\/www.messinaoggi.it\/website\/wp-json\/wp\/v2\/posts\/216761\/revisions"}],"wp:featuredmedia":[{"embeddable":true,"href":"https:\/\/www.messinaoggi.it\/website\/wp-json\/wp\/v2\/media\/216762"}],"wp:attachment":[{"href":"https:\/\/www.messinaoggi.it\/website\/wp-json\/wp\/v2\/media?parent=216761"}],"wp:term":[{"taxonomy":"category","embeddable":true,"href":"https:\/\/www.messinaoggi.it\/website\/wp-json\/wp\/v2\/categories?post=216761"},{"taxonomy":"post_tag","embeddable":true,"href":"https:\/\/www.messinaoggi.it\/website\/wp-json\/wp\/v2\/tags?post=216761"}],"curies":[{"name":"wp","href":"https:\/\/api.w.org\/{rel}","templated":true}]}}