{"id":216655,"date":"2024-10-31T00:05:46","date_gmt":"2024-10-30T23:05:46","guid":{"rendered":"https:\/\/www.messinaoggi.it\/website\/2024\/10\/30\/nordio-dossieraggio-inaccettabile-e-serio-pericolo-per-democrazia\/"},"modified":"2024-10-31T08:27:03","modified_gmt":"2024-10-31T07:27:03","slug":"nordio-dossieraggio-inaccettabile-e-serio-pericolo-per-democrazia","status":"publish","type":"post","link":"https:\/\/www.messinaoggi.it\/website\/2024\/10\/31\/nordio-dossieraggio-inaccettabile-e-serio-pericolo-per-democrazia\/","title":{"rendered":"Nordio \u201cDossieraggio inaccettabile, \u00e8 serio pericolo per democrazia\u201d"},"content":{"rendered":"<div>ROMA (ITALPRESS) &#8211; &#8220;I due procedimenti penali, uno presso la Procura di Perugia e l&#8217;altro presso la Procura di Milano, sono ovviamente coperti dal segreto istruttorio: questo non mi impedisce tuttavia di esprimere la mia pi\u00f9 profonda preoccupazione per ci\u00f2 che \u00e8 accaduto e sta accadendo, che \u00e8 inaccettabile e inquietante e costituisce un serio e concreto pericolo per la nostra stessa democrazia&#8221;. Lo ha detto il ministro della Giustizia, Carlo Nordio, al Question Time della Camera, rispondendo a un&#8217;interrogazione sulle iniziative normative per contrastare l&#8217;accesso illegale alle banche dati e la violazione della riservatezza.<div id=\"div-gpt-ad-Messinaoggi.it-DSK-300x250-corpoart\" style=\"text-align:center;margin:0 auto;\"><\/div><\/p>\n<p>&#8211; Foto Agenzia Fotogramma &#8211;<div id=\"videoincontent\" style=\"clear:both\";><\/div><\/p>\n<p>(ITALPRESS).<\/p><\/div>\n","protected":false},"excerpt":{"rendered":"<p>ROMA (ITALPRESS) &#8211; &#8220;I due procedimenti penali, uno presso la Procura di Perugia e l&#8217;altro presso la Procura di Milano, sono ovviamente coperti dal segreto istruttorio: questo non mi impedisce tuttavia di esprimere la mia pi\u00f9 profonda preoccupazione per ci\u00f2 che \u00e8 accaduto e sta accadendo, che \u00e8 inaccettabile e inquietante e costituisce un serio [&hellip;]<\/p>\n","protected":false},"author":18,"featured_media":216656,"comment_status":"closed","ping_status":"closed","sticky":false,"template":"","format":"standard","meta":{"ub_ctt_via":"","_mi_skip_tracking":false},"categories":[446,4],"tags":[783],"featured_image_src":"https:\/\/www.messinaoggi.it\/website\/wp-content\/uploads\/2024\/10\/20241030_2136.jpg","author_info":{"display_name":"Admin","author_link":"https:\/\/www.messinaoggi.it\/website\/author\/admin\/"},"digistream_id":0,"digistream":false,"_links":{"self":[{"href":"https:\/\/www.messinaoggi.it\/website\/wp-json\/wp\/v2\/posts\/216655"}],"collection":[{"href":"https:\/\/www.messinaoggi.it\/website\/wp-json\/wp\/v2\/posts"}],"about":[{"href":"https:\/\/www.messinaoggi.it\/website\/wp-json\/wp\/v2\/types\/post"}],"author":[{"embeddable":true,"href":"https:\/\/www.messinaoggi.it\/website\/wp-json\/wp\/v2\/users\/18"}],"replies":[{"embeddable":true,"href":"https:\/\/www.messinaoggi.it\/website\/wp-json\/wp\/v2\/comments?post=216655"}],"version-history":[{"count":1,"href":"https:\/\/www.messinaoggi.it\/website\/wp-json\/wp\/v2\/posts\/216655\/revisions"}],"predecessor-version":[{"id":216680,"href":"https:\/\/www.messinaoggi.it\/website\/wp-json\/wp\/v2\/posts\/216655\/revisions\/216680"}],"wp:featuredmedia":[{"embeddable":true,"href":"https:\/\/www.messinaoggi.it\/website\/wp-json\/wp\/v2\/media\/216656"}],"wp:attachment":[{"href":"https:\/\/www.messinaoggi.it\/website\/wp-json\/wp\/v2\/media?parent=216655"}],"wp:term":[{"taxonomy":"category","embeddable":true,"href":"https:\/\/www.messinaoggi.it\/website\/wp-json\/wp\/v2\/categories?post=216655"},{"taxonomy":"post_tag","embeddable":true,"href":"https:\/\/www.messinaoggi.it\/website\/wp-json\/wp\/v2\/tags?post=216655"}],"curies":[{"name":"wp","href":"https:\/\/api.w.org\/{rel}","templated":true}]}}