{"id":216649,"date":"2024-10-30T22:05:39","date_gmt":"2024-10-30T21:05:39","guid":{"rendered":"https:\/\/www.messinaoggi.it\/website\/2024\/10\/30\/zangrillo-e-anastasi-a-studenti-dalla-pa-opportunita-per-i-giovani\/"},"modified":"2024-10-30T22:05:39","modified_gmt":"2024-10-30T21:05:39","slug":"zangrillo-e-anastasi-a-studenti-dalla-pa-opportunita-per-i-giovani","status":"publish","type":"post","link":"https:\/\/www.messinaoggi.it\/website\/2024\/10\/30\/zangrillo-e-anastasi-a-studenti-dalla-pa-opportunita-per-i-giovani\/","title":{"rendered":"Zangrillo e Anastasi a studenti \u201cDalla PA opportunit\u00e0 per i giovani\u201d"},"content":{"rendered":"<div>MILANO (ITALPRESS) &#8211; &#8220;La pubblica amministrazione non deve essere soltanto una sicurezza, il cosiddetto &#8220;posto fisso&#8221;, ma un&#8217;opportunit\u00e0 professionale qualificante dove aspettative, gratificazioni e percorsi di carriera sono non solo possibili, ma concretamente realizzabili. Stiamo lavorando per una PA in grado di aggiornare le competenze dei suoi dipendenti, 3,2 milioni di persone, e di attrarre le nuove generazioni, fondamentali per affrontare un mondo in continua evoluzione&#8221;. E&#8217; quanto ha affermato il ministro per la Pubblica Amministrazione, senatore Paolo Zangrillo, nel corso dell&#8217;evento &#8220;La PA che vorrei&#8221;, organizzato da Formez alla fiera di Milano-Rho, nell&#8217;ambito della XIII sima edizione della manifestazione Expo Training.<br \/>&#8220;Ai giovani di Expotraining, che ringrazio per l&#8217;attenzione &#8211; ha aggiunto il ministro nel corso del suo intervento &#8211; ho detto che la cosa pi\u00f9 importante \u00e8 guardare alle organizzazioni che offrono l&#8217;opportunit\u00e0 di continuare a formarsi, di crescere e arricchire le proprie capacit\u00e0. Questa \u00e8 la Pubblica amministrazione che ho in mente, un&#8217;organizzazione che dia non solo opportunit\u00e0 ma anche prospettive&#8221;.<br \/>&#8220;I giovani sono dirompenti ed hanno voglia di interpretare correttamente il futuro &#8211; ha dichiarato il presidente di Formez, Giovanni Anastasi che ha introdotto l&#8217;iniziativa &#8211; abbiamo organizzato questo evento alla presenza del ministro perch\u00e8 vogliamo ascoltarli e avvicinarli il pi\u00f9 possibile alle Pubbliche amministrazioni, piene di grandi professionisti, di valori e lontane dai clich\u00e8&#8221;.<br \/>L&#8217;evento \u00e8 stato finalizzato ad ascoltare il punto di vista e le attese delle nuove generazioni sul lavoro nella Pubblica amministrazione. Nel corso del confronto con i ragazzi si \u00e8 riflettuto sulla visione della PA futura, anche attraverso un instant poll, per raccogliere opinioni e risposte dei giovani in tempo reale. Il ministro Paolo Zangrillo ha risposto a diverse domande sulla Pubblica amministrazione, da parte degli studenti presenti, su argomenti quali la parit\u00e0 di genere, l&#8217;inclusione e la semplificazione e l&#8217;innovazione tecnologica.<div id=\"div-gpt-ad-Messinaoggi.it-DSK-300x250-corpoart\" style=\"text-align:center;margin:0 auto;\"><\/div><\/p>\n<p>&#8211; Foto ufficio stampa Formez &#8211;<div id=\"videoincontent\" style=\"clear:both\";><\/div><\/p>\n<p>(ITALPRESS).<\/p><\/div>\n","protected":false},"excerpt":{"rendered":"<p>MILANO (ITALPRESS) &#8211; &#8220;La pubblica amministrazione non deve essere soltanto una sicurezza, il cosiddetto &#8220;posto fisso&#8221;, ma un&#8217;opportunit\u00e0 professionale qualificante dove aspettative, gratificazioni e percorsi di carriera sono non solo possibili, ma concretamente realizzabili. Stiamo lavorando per una PA in grado di aggiornare le competenze dei suoi dipendenti, 3,2 milioni di persone, e di attrarre [&hellip;]<\/p>\n","protected":false},"author":18,"featured_media":216650,"comment_status":"closed","ping_status":"closed","sticky":false,"template":"","format":"standard","meta":{"ub_ctt_via":"","_mi_skip_tracking":false},"categories":[446],"tags":[783],"featured_image_src":"https:\/\/www.messinaoggi.it\/website\/wp-content\/uploads\/2024\/10\/20241030_2043.jpg","author_info":{"display_name":"Admin","author_link":"https:\/\/www.messinaoggi.it\/website\/author\/admin\/"},"digistream_id":0,"digistream":false,"_links":{"self":[{"href":"https:\/\/www.messinaoggi.it\/website\/wp-json\/wp\/v2\/posts\/216649"}],"collection":[{"href":"https:\/\/www.messinaoggi.it\/website\/wp-json\/wp\/v2\/posts"}],"about":[{"href":"https:\/\/www.messinaoggi.it\/website\/wp-json\/wp\/v2\/types\/post"}],"author":[{"embeddable":true,"href":"https:\/\/www.messinaoggi.it\/website\/wp-json\/wp\/v2\/users\/18"}],"replies":[{"embeddable":true,"href":"https:\/\/www.messinaoggi.it\/website\/wp-json\/wp\/v2\/comments?post=216649"}],"version-history":[{"count":0,"href":"https:\/\/www.messinaoggi.it\/website\/wp-json\/wp\/v2\/posts\/216649\/revisions"}],"wp:featuredmedia":[{"embeddable":true,"href":"https:\/\/www.messinaoggi.it\/website\/wp-json\/wp\/v2\/media\/216650"}],"wp:attachment":[{"href":"https:\/\/www.messinaoggi.it\/website\/wp-json\/wp\/v2\/media?parent=216649"}],"wp:term":[{"taxonomy":"category","embeddable":true,"href":"https:\/\/www.messinaoggi.it\/website\/wp-json\/wp\/v2\/categories?post=216649"},{"taxonomy":"post_tag","embeddable":true,"href":"https:\/\/www.messinaoggi.it\/website\/wp-json\/wp\/v2\/tags?post=216649"}],"curies":[{"name":"wp","href":"https:\/\/api.w.org\/{rel}","templated":true}]}}