{"id":216647,"date":"2024-10-30T20:05:36","date_gmt":"2024-10-30T19:05:36","guid":{"rendered":"https:\/\/www.messinaoggi.it\/website\/2024\/10\/30\/esce-jesolo-romanzo-tra-compromessi-e-autodeterminazione-femminile\/"},"modified":"2024-10-31T08:28:04","modified_gmt":"2024-10-31T07:28:04","slug":"esce-jesolo-romanzo-tra-compromessi-e-autodeterminazione-femminile","status":"publish","type":"post","link":"https:\/\/www.messinaoggi.it\/website\/2024\/10\/30\/esce-jesolo-romanzo-tra-compromessi-e-autodeterminazione-femminile\/","title":{"rendered":"Esce \u201cJesolo\u201d, romanzo tra compromessi e autodeterminazione femminile"},"content":{"rendered":"<div>ROMA (ITALPRESS) &#8211; Arriva in Italia Jesolo, il romanzo d&#8217;esordio della meranese Tanja Raich, nominato per l&#8217;Osterreichischer Buchpreis, il pi\u00f9 prestigioso riconoscimento letterario in Austria, conferito dal Ministero della Cultura. Pubblicato in Italia da Alphabeta Verlag &#8211; Edition Raetia, con la traduzione di Cristina Vezzaro, il romanzo &#8220;Jesolo&#8221; mette al centro i principali dilemmi della donna nella societ\u00e0 moderna, con una protagonista, Andrea, che si trova in bilico tra le aspettative sociali e il desiderio di autodeterminazione.<br \/>Trentacinquenne, Andrea \u00e8 una grafica pubblicitaria. Fidanzata da diversi anni con Georg, preferisce continuare a vivere in due case separate. Da anni, lui la porta in vacanza tutte le estati a Jesolo, anche se lei sogna altri luoghi. La vacanza da cui parte il racconto \u00e8 turbata dalle domande sempre pi\u00f9 pressanti di Georg, che vorrebbe che Andrea andasse a vivere con lui, che si assumesse le sue responsabilit\u00e0 di donna adulta. Al rientro in citt\u00e0, si aggiungono le pressanti richieste dei genitori di lui, che vorrebbero vederli diventare una vera famiglia, una coppia che vive sotto lo stesso tetto e con almeno un figlio.<br \/>Lo stile netto e impietoso del racconto (&#8220;dissezionante in senso flaubertiano&#8221;, secondo la rivista austriaca Literatur und Kritik) contribuisce a enfatizzare questo senso di assedio costante, la tensione tra il desiderio di autodeterminazione di Andrea e la sua accettazione progressiva delle aspettative altrui, del compromesso. Il racconto si snoda nel pensiero della protagonista, che a un certo punto afferma: &#8220;A ogni &#8220;s\u00ec&#8221; finisco sempre di pi\u00f9 nella merda&#8221;.<br \/>La vacanza a Jesolo, un litigio, la separazione, la scoperta di essere incinta, il trasloco nell&#8217;appartamento ristrutturato attiguo ai suoceri, l&#8217;ultimo giorno di lavoro, la paura di non ritrovare il proprio posto al rientro dalla maternit\u00e0, la cameretta da preparare, le tutine da comprare, il conto alla rovescia prima del parto&#8230;<br \/>&#8220;Tutto questo circo della gravidanza mi d\u00e0 sui nervi&#8221; commenta Andrea al corso pre-parto, con non poco imbarazzo di Georg. Tutto quello che potrebbe appagare e rendere felice un&#8217;altra donna, per Andrea diventa sempre pi\u00f9 opprimente e soffocante. Pian piano, le si ritaglia intorno una vita prescritta, come se fosse una medicina.<br \/>Sullo sfondo della vicenda personale si stagliano le ombre di un&#8217;attualit\u00e0 segnata dal dramma dell&#8217;immigrazione e dal montare di sentimenti xenofobi tra la gente comune. &#8220;Jesolo \u00e8 la cronaca di dieci mesi nella vita di una donna che mette in discussione l&#8217;immagine che ha di s\u00e8 e una societ\u00e0 che non \u00e8 affatto progressista come lei crede&#8221; ha scritto il settimanale tedesco Der Spiegel.<br \/>-foto ufficio stampa Master Communication &#8211;<br \/>(ITALPRESS).<\/div>\n<div id=\"div-gpt-ad-Messinaoggi.it-DSK-300x250-corpoart\" style=\"text-align:center;margin:0 auto;\"><\/div><\/p><div id=\"videoincontent\" style=\"clear:both\";><\/div>","protected":false},"excerpt":{"rendered":"<p>ROMA (ITALPRESS) &#8211; Arriva in Italia Jesolo, il romanzo d&#8217;esordio della meranese Tanja Raich, nominato per l&#8217;Osterreichischer Buchpreis, il pi\u00f9 prestigioso riconoscimento letterario in Austria, conferito dal Ministero della Cultura. Pubblicato in Italia da Alphabeta Verlag &#8211; Edition Raetia, con la traduzione di Cristina Vezzaro, il romanzo &#8220;Jesolo&#8221; mette al centro i principali dilemmi della [&hellip;]<\/p>\n","protected":false},"author":18,"featured_media":216648,"comment_status":"closed","ping_status":"closed","sticky":false,"template":"","format":"standard","meta":{"ub_ctt_via":"","_mi_skip_tracking":false},"categories":[16,446],"tags":[783],"featured_image_src":"https:\/\/www.messinaoggi.it\/website\/wp-content\/uploads\/2024\/10\/20241030_1842.jpg","author_info":{"display_name":"Admin","author_link":"https:\/\/www.messinaoggi.it\/website\/author\/admin\/"},"digistream_id":0,"digistream":false,"_links":{"self":[{"href":"https:\/\/www.messinaoggi.it\/website\/wp-json\/wp\/v2\/posts\/216647"}],"collection":[{"href":"https:\/\/www.messinaoggi.it\/website\/wp-json\/wp\/v2\/posts"}],"about":[{"href":"https:\/\/www.messinaoggi.it\/website\/wp-json\/wp\/v2\/types\/post"}],"author":[{"embeddable":true,"href":"https:\/\/www.messinaoggi.it\/website\/wp-json\/wp\/v2\/users\/18"}],"replies":[{"embeddable":true,"href":"https:\/\/www.messinaoggi.it\/website\/wp-json\/wp\/v2\/comments?post=216647"}],"version-history":[{"count":1,"href":"https:\/\/www.messinaoggi.it\/website\/wp-json\/wp\/v2\/posts\/216647\/revisions"}],"predecessor-version":[{"id":216682,"href":"https:\/\/www.messinaoggi.it\/website\/wp-json\/wp\/v2\/posts\/216647\/revisions\/216682"}],"wp:featuredmedia":[{"embeddable":true,"href":"https:\/\/www.messinaoggi.it\/website\/wp-json\/wp\/v2\/media\/216648"}],"wp:attachment":[{"href":"https:\/\/www.messinaoggi.it\/website\/wp-json\/wp\/v2\/media?parent=216647"}],"wp:term":[{"taxonomy":"category","embeddable":true,"href":"https:\/\/www.messinaoggi.it\/website\/wp-json\/wp\/v2\/categories?post=216647"},{"taxonomy":"post_tag","embeddable":true,"href":"https:\/\/www.messinaoggi.it\/website\/wp-json\/wp\/v2\/tags?post=216647"}],"curies":[{"name":"wp","href":"https:\/\/api.w.org\/{rel}","templated":true}]}}