{"id":21654,"date":"2018-07-08T18:10:31","date_gmt":"2018-07-08T16:10:31","guid":{"rendered":"http:\/\/www.messinaoggi.it\/website\/?p=21654"},"modified":"2018-07-08T18:10:31","modified_gmt":"2018-07-08T16:10:31","slug":"acr-messina-sciotto-pensa-al-ripescaggio-e-pesca-il-segretario-generale","status":"publish","type":"post","link":"https:\/\/www.messinaoggi.it\/website\/2018\/07\/08\/acr-messina-sciotto-pensa-al-ripescaggio-e-pesca-il-segretario-generale\/","title":{"rendered":"Acr Messina, Sciotto pensa al ripescaggio e pesca il segretario generale"},"content":{"rendered":"<p class=\"p1\" style=\"text-align: justify;\"><span class=\"s1\">L&#8217;Acr Messina comunica di avere affidato il ruolo di segretario generale al signor Massimo Bandiera.\u00a0<\/span><span class=\"s1\">\u00abA lui &#8211; spiega il presidente Pietro Sciotto &#8211; toccher\u00e0 il compito di organizzare l\u2019organigramma della societ\u00e0, professionalizzandola e rendendola gi\u00e0 pronta per affrontare il professionismo. Sta gi\u00e0 lavorando, su indicazione della propriet\u00e0, sia all\u2019iscrizione al prossimo campionato di serie D che alla presentazione della domanda di ripescaggio in serie C se dovessero esserci posti disponibili. \u00c8 un aspetto, in questo momento, prioritario per la societ\u00e0 che ha riservato una parte del budget annuale al pagamento delle somme necessarie in caso di ammissione in terza serie. Se cos\u00ec non avverr\u00e0 &#8211; precisa Sciotto &#8211; quella somma sar\u00e0 utilizzata, in aggiunta, per il potenziamento della rosa\u00bb.\u00a0<\/span><div id=\"div-gpt-ad-Messinaoggi.it-DSK-300x250-corpoart\" style=\"text-align:center;margin:0 auto;\"><\/div><\/p>\n<p class=\"p1\" style=\"text-align: justify;\"><span class=\"s1\">Affidato al signor Carmelo Rappoccio l\u2019incarico di direttore sportivo. Il nuovo diesse sta gi\u00e0 valutando diversi profili per il nome del nuovo allenatore che verr\u00e0 comunicato a breve. \u00abVogliamo &#8211; spiega ancora Sciotto &#8211; un tecnico ambizioso, che abbia gi\u00e0 esperienza e spalle abbastanza larghe da caricarsi tutta la pressione di un campionato a vincere a Messina e che abbia gi\u00e0 esperienza in serie C. Per questo motivo abbiamo valutato diversi allenatori, tutti che conoscono gi\u00e0 il campionato di Serie D e il girone I in particolare. Contiamo di ufficializzare il nome del nuovo allenatore nel giro di un paio di giorni\u00bb. \u00a0<\/span><div id=\"videoincontent\" style=\"clear:both\";><\/div><\/p>\n<p class=\"p1\" style=\"text-align: justify;\"><span class=\"s1\">Definito anche l\u2019incarico di team manager, affidato al signor Gianfranco Lagan\u00e0. \u00ab\u00c8 una persona di grande esperienza e sensibilit\u00e0 che avr\u00e0 il delicato compito di fare da collante nello spogliatoio ed organizzare al meglio le attivit\u00e0 della squadra. Abbiamo grande fiducia in lui\u00bb, afferma il presidente.\u00a0<\/span><\/p>\n<p class=\"p1\" style=\"text-align: justify;\"><span class=\"s1\">Tutti i nuovi dirigenti hanno gi\u00e0 preso possesso delle loro funzioni e saranno presentati alla stampa nei prossimi giorni.\u00a0<\/span><\/p>\n","protected":false},"excerpt":{"rendered":"<p>L&#8217;Acr Messina comunica di avere affidato il ruolo di segretario generale al signor Massimo Bandiera.\u00a0\u00abA lui &#8211; spiega il presidente Pietro Sciotto &#8211; toccher\u00e0 il compito di organizzare l\u2019organigramma della societ\u00e0, professionalizzandola e rendendola gi\u00e0 pronta per affrontare il professionismo. Sta gi\u00e0 lavorando, su indicazione della propriet\u00e0, sia all\u2019iscrizione al prossimo campionato di serie D [&hellip;]<\/p>\n","protected":false},"author":2,"featured_media":7536,"comment_status":"closed","ping_status":"open","sticky":false,"template":"","format":"standard","meta":{"ub_ctt_via":"","_mi_skip_tracking":false},"categories":[10,6,9],"tags":[],"featured_image_src":"https:\/\/www.messinaoggi.it\/website\/wp-content\/uploads\/2017\/09\/ok-N82A5991-2.jpg","author_info":{"display_name":"Redazione","author_link":"https:\/\/www.messinaoggi.it\/website\/author\/redazione\/"},"digistream_id":0,"digistream":false,"_links":{"self":[{"href":"https:\/\/www.messinaoggi.it\/website\/wp-json\/wp\/v2\/posts\/21654"}],"collection":[{"href":"https:\/\/www.messinaoggi.it\/website\/wp-json\/wp\/v2\/posts"}],"about":[{"href":"https:\/\/www.messinaoggi.it\/website\/wp-json\/wp\/v2\/types\/post"}],"author":[{"embeddable":true,"href":"https:\/\/www.messinaoggi.it\/website\/wp-json\/wp\/v2\/users\/2"}],"replies":[{"embeddable":true,"href":"https:\/\/www.messinaoggi.it\/website\/wp-json\/wp\/v2\/comments?post=21654"}],"version-history":[{"count":0,"href":"https:\/\/www.messinaoggi.it\/website\/wp-json\/wp\/v2\/posts\/21654\/revisions"}],"wp:featuredmedia":[{"embeddable":true,"href":"https:\/\/www.messinaoggi.it\/website\/wp-json\/wp\/v2\/media\/7536"}],"wp:attachment":[{"href":"https:\/\/www.messinaoggi.it\/website\/wp-json\/wp\/v2\/media?parent=21654"}],"wp:term":[{"taxonomy":"category","embeddable":true,"href":"https:\/\/www.messinaoggi.it\/website\/wp-json\/wp\/v2\/categories?post=21654"},{"taxonomy":"post_tag","embeddable":true,"href":"https:\/\/www.messinaoggi.it\/website\/wp-json\/wp\/v2\/tags?post=21654"}],"curies":[{"name":"wp","href":"https:\/\/api.w.org\/{rel}","templated":true}]}}