{"id":21647,"date":"2018-07-08T18:48:30","date_gmt":"2018-07-08T16:48:30","guid":{"rendered":"http:\/\/www.messinaoggi.it\/website\/?p=21647"},"modified":"2018-07-08T18:48:30","modified_gmt":"2018-07-08T16:48:30","slug":"sbarco-migranti-a-messina-insorge-il-ministro-matteo-salvini","status":"publish","type":"post","link":"https:\/\/www.messinaoggi.it\/website\/2018\/07\/08\/sbarco-migranti-a-messina-insorge-il-ministro-matteo-salvini\/","title":{"rendered":"Sbarco migranti a Messina, insorge il ministro Matteo Salvini"},"content":{"rendered":"<p style=\"text-align: justify;\"><em>&#8220;Dopo aver fermato le navi delle Ong, gioved\u00ec porter\u00f2 al tavolo europeo di Innsbruck la richiesta italiana di bloccare l&#8217;arrivo nei porti italiani delle navi delle missioni internazionali attualmente presenti nel Mediterraneo. Purtroppo i governi italiani degli ultimi 5 anni avevano sottoscritto accordi (in cambio di cosa?) perch\u00e9 tutte queste navi scaricassero gli immigrati in Italia, col nostro governo la musica \u00e8 cambiata e cambier\u00e0&#8221;<\/em>.<div id=\"div-gpt-ad-Messinaoggi.it-DSK-300x250-corpoart\" style=\"text-align:center;margin:0 auto;\"><\/div><\/p>\n<p><img loading=\"lazy\" class=\"size-medium wp-image-2269 alignright\" src=\"http:\/\/www.messinaoggi.it\/website\/wp-content\/uploads\/2017\/06\/Salvini-Matteo-300x200.jpg\" alt=\"\" width=\"300\" height=\"200\" \/><div id=\"videoincontent\" style=\"clear:both\";><\/div><\/p>\n<p style=\"text-align: justify;\">Lo rende noto il vicepremier e ministro dell&#8217;Interno Matteo Salvini che la prossima settimana parteciper\u00e0 al primo vertice dei ministri degli interni Ue nel corso del semestre a presidenza austriaca.<\/p>\n<p style=\"text-align: justify;\">Ieri sera sono sbarcati a Messina 106 profughi raccolti dalla nave militare irlandese Samuel Becket accolti da centinaia di persone con le magliette rosse, che aderivano all&#8217;iniziativa promossa da Libera.<\/p>\n<p style=\"text-align: justify;\">Dai primi riscontri, sembra che il primo soccorso sia avvenuto in zona Sar libica nella notte fra il 4 e il 5 luglio. Il pattugliatore aveva chiesto al Viminale il permesso di sbarcare e ha ricevuto l&#8217;indicazione di Messina.<\/p>\n","protected":false},"excerpt":{"rendered":"<p>&#8220;Dopo aver fermato le navi delle Ong, gioved\u00ec porter\u00f2 al tavolo europeo di Innsbruck la richiesta italiana di bloccare l&#8217;arrivo nei porti italiani delle navi delle missioni internazionali attualmente presenti nel Mediterraneo. Purtroppo i governi italiani degli ultimi 5 anni avevano sottoscritto accordi (in cambio di cosa?) perch\u00e9 tutte queste navi scaricassero gli immigrati in [&hellip;]<\/p>\n","protected":false},"author":2,"featured_media":1552,"comment_status":"closed","ping_status":"open","sticky":false,"template":"","format":"standard","meta":{"ub_ctt_via":"","_mi_skip_tracking":false},"categories":[6],"tags":[],"featured_image_src":"https:\/\/www.messinaoggi.it\/website\/wp-content\/uploads\/2017\/06\/Migranti-Madonnina-2.jpg","author_info":{"display_name":"Redazione","author_link":"https:\/\/www.messinaoggi.it\/website\/author\/redazione\/"},"digistream_id":0,"digistream":false,"_links":{"self":[{"href":"https:\/\/www.messinaoggi.it\/website\/wp-json\/wp\/v2\/posts\/21647"}],"collection":[{"href":"https:\/\/www.messinaoggi.it\/website\/wp-json\/wp\/v2\/posts"}],"about":[{"href":"https:\/\/www.messinaoggi.it\/website\/wp-json\/wp\/v2\/types\/post"}],"author":[{"embeddable":true,"href":"https:\/\/www.messinaoggi.it\/website\/wp-json\/wp\/v2\/users\/2"}],"replies":[{"embeddable":true,"href":"https:\/\/www.messinaoggi.it\/website\/wp-json\/wp\/v2\/comments?post=21647"}],"version-history":[{"count":0,"href":"https:\/\/www.messinaoggi.it\/website\/wp-json\/wp\/v2\/posts\/21647\/revisions"}],"wp:featuredmedia":[{"embeddable":true,"href":"https:\/\/www.messinaoggi.it\/website\/wp-json\/wp\/v2\/media\/1552"}],"wp:attachment":[{"href":"https:\/\/www.messinaoggi.it\/website\/wp-json\/wp\/v2\/media?parent=21647"}],"wp:term":[{"taxonomy":"category","embeddable":true,"href":"https:\/\/www.messinaoggi.it\/website\/wp-json\/wp\/v2\/categories?post=21647"},{"taxonomy":"post_tag","embeddable":true,"href":"https:\/\/www.messinaoggi.it\/website\/wp-json\/wp\/v2\/tags?post=21647"}],"curies":[{"name":"wp","href":"https:\/\/api.w.org\/{rel}","templated":true}]}}