{"id":216400,"date":"2024-10-29T08:38:00","date_gmt":"2024-10-29T07:38:00","guid":{"rendered":"http:\/\/www.messinaoggi.it\/website\/?p=216400"},"modified":"2024-10-29T08:38:01","modified_gmt":"2024-10-29T07:38:01","slug":"ecosistema-urbano-messina-recupera-posizioni-in-classifica","status":"publish","type":"post","link":"https:\/\/www.messinaoggi.it\/website\/2024\/10\/29\/ecosistema-urbano-messina-recupera-posizioni-in-classifica\/","title":{"rendered":"Ecosistema urbano: Messina recupera posizioni in classifica"},"content":{"rendered":"\n<p>Messina secondo la classifica Ecosistema urbano il rapporto di Legambiente in collaborazione con Ambiente Italia e Il Sole 24 Ore \u00e8 la quinta citt\u00e0 del sud Italia, lasciandosi dietro Palermo e Catania.<div id=\"div-gpt-ad-Messinaoggi.it-DSK-300x250-corpoart\" style=\"text-align:center;margin:0 auto;\"><\/div><\/p>\n\n\n\n<p>\u201cAbbiamo recuperato rispetto allo scorso anno alcune posizioni migliorando nella graduatoria rispetto ad alcuni indicatori\u201d, a dichiararlo il sindaco Federico Basile.  <div id=\"videoincontent\" style=\"clear:both\";><\/div><\/p>\n\n\n\n<p>\u201cIl miglioramento in tema di punteggi conseguiti, premia l\u2019impegno profuso da questa squadra di governo, composta da Assessori e Partecipate comunali, che in linea \u2013 prosegue Basile &#8211; con la nostra strategia volta alla transizione ecologica ha permesso di dare visibilit\u00e0 alla Citt\u00e0 nel panorama nazionale e che premia il lavoro fin qui fatto\u201d.  \u201cStiamo proseguendo e proseguiremo per rinnovare Messina verso un modello green e sostenibile, e quanto ancora \u00e8 in programma ci permetter\u00e0 di andare avanti per migliorare e rendere la Citt\u00e0 sempre pi\u00f9 ecosostenibile ed a misura dei cittadini, con la consapevolezza che l\u2019 insieme di azioni volte alla salvaguardia dell\u2019ambiente unitamente a progetti e campagne di sensibilizzazione al rispetto delle buone regole per imprimere un processo di cambiamento degli usi e comportamenti di impatto negativo sull\u2019ambiente che ci circonda, sono gli elementi chiave per potere ambire a raggiungere una posizione sempre pi\u00f9 soddisfacente per migliorare la nostra pagella nel contesto delle citt\u00e0 verdi \u201d, conclude il sindaco Basile.  <\/p>\n","protected":false},"excerpt":{"rendered":"<p>Messina secondo la classifica Ecosistema urbano il rapporto di Legambiente in collaborazione con Ambiente Italia e Il Sole 24 Ore \u00e8 la quinta citt\u00e0 del sud Italia, lasciandosi dietro Palermo e Catania. \u201cAbbiamo recuperato rispetto allo scorso anno alcune posizioni migliorando nella graduatoria rispetto ad alcuni indicatori\u201d, a dichiararlo il sindaco Federico Basile. \u201cIl miglioramento [&hellip;]<\/p>\n","protected":false},"author":2,"featured_media":33597,"comment_status":"open","ping_status":"open","sticky":false,"template":"","format":"standard","meta":{"ub_ctt_via":"","_mi_skip_tracking":false},"categories":[5],"tags":[10715,10716,602],"featured_image_src":"https:\/\/www.messinaoggi.it\/website\/wp-content\/uploads\/2019\/06\/083E9D19-F780-433C-9AE2-3DFE6D657DAF.jpeg","author_info":{"display_name":"Redazione","author_link":"https:\/\/www.messinaoggi.it\/website\/author\/redazione\/"},"digistream_id":0,"digistream":false,"_links":{"self":[{"href":"https:\/\/www.messinaoggi.it\/website\/wp-json\/wp\/v2\/posts\/216400"}],"collection":[{"href":"https:\/\/www.messinaoggi.it\/website\/wp-json\/wp\/v2\/posts"}],"about":[{"href":"https:\/\/www.messinaoggi.it\/website\/wp-json\/wp\/v2\/types\/post"}],"author":[{"embeddable":true,"href":"https:\/\/www.messinaoggi.it\/website\/wp-json\/wp\/v2\/users\/2"}],"replies":[{"embeddable":true,"href":"https:\/\/www.messinaoggi.it\/website\/wp-json\/wp\/v2\/comments?post=216400"}],"version-history":[{"count":1,"href":"https:\/\/www.messinaoggi.it\/website\/wp-json\/wp\/v2\/posts\/216400\/revisions"}],"predecessor-version":[{"id":216401,"href":"https:\/\/www.messinaoggi.it\/website\/wp-json\/wp\/v2\/posts\/216400\/revisions\/216401"}],"wp:featuredmedia":[{"embeddable":true,"href":"https:\/\/www.messinaoggi.it\/website\/wp-json\/wp\/v2\/media\/33597"}],"wp:attachment":[{"href":"https:\/\/www.messinaoggi.it\/website\/wp-json\/wp\/v2\/media?parent=216400"}],"wp:term":[{"taxonomy":"category","embeddable":true,"href":"https:\/\/www.messinaoggi.it\/website\/wp-json\/wp\/v2\/categories?post=216400"},{"taxonomy":"post_tag","embeddable":true,"href":"https:\/\/www.messinaoggi.it\/website\/wp-json\/wp\/v2\/tags?post=216400"}],"curies":[{"name":"wp","href":"https:\/\/api.w.org\/{rel}","templated":true}]}}