{"id":216392,"date":"2024-10-29T08:31:00","date_gmt":"2024-10-29T07:31:00","guid":{"rendered":"http:\/\/www.messinaoggi.it\/website\/?p=216392"},"modified":"2024-10-29T08:31:01","modified_gmt":"2024-10-29T07:31:01","slug":"lombardo-il-museo-merita-guida-adeguata","status":"publish","type":"post","link":"https:\/\/www.messinaoggi.it\/website\/2024\/10\/29\/lombardo-il-museo-merita-guida-adeguata\/","title":{"rendered":"Lombardo: &#8220;Il museo merita guida adeguata&#8221;"},"content":{"rendered":"\n<p>Dal 1 gennaio ad oggi, si sono registrati quasi 2000 ingressi in meno rispetto allo stesso periodo del 2023, con un incremento di soli 88 paganti in pi\u00f9 rispetto all\u2019anno scorso. Questi dati, ancora una volta, sottolineano le criticit\u00e0 nella gestione del Museo Regionale di Messina, segnando l&#8217;ennesimo segnale di allarme.\u00a0<br>&#8220;Gi\u00e0 alla fine del 2023 avevamo evidenziato le carenze gestionali che stavano impedendo al museo di esprimere appieno il proprio potenziale. Lo ribadiamo oggi,&#8221; afferma il deputato <strong>Giuseppe Lombardo<\/strong>. <div id=\"div-gpt-ad-Messinaoggi.it-DSK-300x250-corpoart\" style=\"text-align:center;margin:0 auto;\"><\/div><\/p>\n\n\n\n<p>&#8220;Il Museo Regionale di Messina merita una guida all&#8217;altezza della sua importanza e del valore delle opere che custodisce.&#8221;<br>Mentre l&#8217;amministrazione cittadina, infatti,\u00a0 continua a ottenere ottimi risultati, scalando le classifiche nazionali per attrattivit\u00e0 e gestione, la Regione, afferma Lombardo, non sta offrendo il supporto necessario per migliorare il potenziale turistico di Messina. &#8220;Messina sta volando, ma la Regione non ci aiuta ad alzare ancora di pi\u00f9 il potenziale attrattivo della citt\u00e0,&#8221; conclude Lombardo, richiamando alla responsabilit\u00e0 e all&#8217;urgenza di interventi concreti per una valorizzazione adeguata del museo, con una guida pi\u00f9 idonea ed all\u2019altezza delle potenzialit\u00e0 del Museo di Messina \u201c Maria Accascina \u201c.<div id=\"videoincontent\" style=\"clear:both\";><\/div><\/p>\n","protected":false},"excerpt":{"rendered":"<p>Dal 1 gennaio ad oggi, si sono registrati quasi 2000 ingressi in meno rispetto allo stesso periodo del 2023, con un incremento di soli 88 paganti in pi\u00f9 rispetto all\u2019anno scorso. Questi dati, ancora una volta, sottolineano le criticit\u00e0 nella gestione del Museo Regionale di Messina, segnando l&#8217;ennesimo segnale di allarme.\u00a0&#8220;Gi\u00e0 alla fine del 2023 [&hellip;]<\/p>\n","protected":false},"author":2,"featured_media":2578,"comment_status":"open","ping_status":"open","sticky":false,"template":"","format":"standard","meta":{"ub_ctt_via":"","_mi_skip_tracking":false},"categories":[6],"tags":[2267,1554],"featured_image_src":"https:\/\/www.messinaoggi.it\/website\/wp-content\/uploads\/2017\/06\/Museo-Interdisciplinare-regionale-2.jpg","author_info":{"display_name":"Redazione","author_link":"https:\/\/www.messinaoggi.it\/website\/author\/redazione\/"},"digistream_id":0,"digistream":false,"_links":{"self":[{"href":"https:\/\/www.messinaoggi.it\/website\/wp-json\/wp\/v2\/posts\/216392"}],"collection":[{"href":"https:\/\/www.messinaoggi.it\/website\/wp-json\/wp\/v2\/posts"}],"about":[{"href":"https:\/\/www.messinaoggi.it\/website\/wp-json\/wp\/v2\/types\/post"}],"author":[{"embeddable":true,"href":"https:\/\/www.messinaoggi.it\/website\/wp-json\/wp\/v2\/users\/2"}],"replies":[{"embeddable":true,"href":"https:\/\/www.messinaoggi.it\/website\/wp-json\/wp\/v2\/comments?post=216392"}],"version-history":[{"count":1,"href":"https:\/\/www.messinaoggi.it\/website\/wp-json\/wp\/v2\/posts\/216392\/revisions"}],"predecessor-version":[{"id":216393,"href":"https:\/\/www.messinaoggi.it\/website\/wp-json\/wp\/v2\/posts\/216392\/revisions\/216393"}],"wp:featuredmedia":[{"embeddable":true,"href":"https:\/\/www.messinaoggi.it\/website\/wp-json\/wp\/v2\/media\/2578"}],"wp:attachment":[{"href":"https:\/\/www.messinaoggi.it\/website\/wp-json\/wp\/v2\/media?parent=216392"}],"wp:term":[{"taxonomy":"category","embeddable":true,"href":"https:\/\/www.messinaoggi.it\/website\/wp-json\/wp\/v2\/categories?post=216392"},{"taxonomy":"post_tag","embeddable":true,"href":"https:\/\/www.messinaoggi.it\/website\/wp-json\/wp\/v2\/tags?post=216392"}],"curies":[{"name":"wp","href":"https:\/\/api.w.org\/{rel}","templated":true}]}}