{"id":21638,"date":"2018-07-08T10:41:13","date_gmt":"2018-07-08T08:41:13","guid":{"rendered":"http:\/\/www.messinaoggi.it\/website\/?p=21638"},"modified":"2018-07-08T10:41:13","modified_gmt":"2018-07-08T08:41:13","slug":"e-morto-moise-il-bimbo-che-non-ha-mai-visto-il-cielo","status":"publish","type":"post","link":"https:\/\/www.messinaoggi.it\/website\/2018\/07\/08\/e-morto-moise-il-bimbo-che-non-ha-mai-visto-il-cielo\/","title":{"rendered":"E&#039; morto Moise, il bimbo che non ha mai visto il cielo&#8230;"},"content":{"rendered":"<p>\u201cMoise \u00e8 deceduto in seguito a due arresti cardiaci al Policlinico di\u00a0Messina\u00a0dov\u2019era ricoverato&#8221;. E&#8217; quanto si apprende in una nota a firma del garante per l\u2019Infanzia e l\u2019Adolescenza della Regione Calabria, Antonio Marziale.<br \/>\n&#8220;Il caso del bambino era balzato alle cronache per le vicissitudini che hanno impedito il suo trasferimento presso una casa-famiglia di Cagliari, dove da oltre un anno era stato destinato dal Tribunale per i minorenni di Reggio Calabria, anche al fine di impedire che in ambiente ospedalizzato potesse, com\u2019\u00e8 avvenuto, contrarre ripetute infezioni che hanno aggravato le sue condizioni generali, comunque infauste circa la prospettiva di vita&#8221;, spiega Marziale.<br \/>\n&#8220;Va detto che Moise, dalla nascita, ha conosciuto soltanto tetti di ospedale, prima a Polistena e poi a\u00a0Messina\u00a0e mai ha visto il cielo &#8211; continua il garante per l&#8217;Infanzia -. Ritengo necessario, al momento, limitare la mia comunicazione al decesso in ossequio a ci\u00f2 che una morte cos\u00ec precoce impone. Certamente, vi sar\u00e0 molto da portare alla luce sul calvario di una brevissima esistenza, che avrebbe meritato quella dignit\u00e0, nei fatti negata\u201d.<div id=\"div-gpt-ad-Messinaoggi.it-DSK-300x250-corpoart\" style=\"text-align:center;margin:0 auto;\"><\/div><\/p>\n<div id=\"videoincontent\" style=\"clear:both\";><\/div>","protected":false},"excerpt":{"rendered":"<p>\u201cMoise \u00e8 deceduto in seguito a due arresti cardiaci al Policlinico di\u00a0Messina\u00a0dov\u2019era ricoverato&#8221;. E&#8217; quanto si apprende in una nota a firma del garante per l\u2019Infanzia e l\u2019Adolescenza della Regione Calabria, Antonio Marziale. &#8220;Il caso del bambino era balzato alle cronache per le vicissitudini che hanno impedito il suo trasferimento presso una casa-famiglia di Cagliari, [&hellip;]<\/p>\n","protected":false},"author":4,"featured_media":1564,"comment_status":"closed","ping_status":"open","sticky":false,"template":"","format":"standard","meta":{"ub_ctt_via":"","_mi_skip_tracking":false},"categories":[6],"tags":[],"featured_image_src":"https:\/\/www.messinaoggi.it\/website\/wp-content\/uploads\/2017\/06\/Migranti-tenda-Messina-2.jpg","author_info":{"display_name":"redme","author_link":"https:\/\/www.messinaoggi.it\/website\/author\/redme\/"},"digistream_id":0,"digistream":false,"_links":{"self":[{"href":"https:\/\/www.messinaoggi.it\/website\/wp-json\/wp\/v2\/posts\/21638"}],"collection":[{"href":"https:\/\/www.messinaoggi.it\/website\/wp-json\/wp\/v2\/posts"}],"about":[{"href":"https:\/\/www.messinaoggi.it\/website\/wp-json\/wp\/v2\/types\/post"}],"author":[{"embeddable":true,"href":"https:\/\/www.messinaoggi.it\/website\/wp-json\/wp\/v2\/users\/4"}],"replies":[{"embeddable":true,"href":"https:\/\/www.messinaoggi.it\/website\/wp-json\/wp\/v2\/comments?post=21638"}],"version-history":[{"count":0,"href":"https:\/\/www.messinaoggi.it\/website\/wp-json\/wp\/v2\/posts\/21638\/revisions"}],"wp:featuredmedia":[{"embeddable":true,"href":"https:\/\/www.messinaoggi.it\/website\/wp-json\/wp\/v2\/media\/1564"}],"wp:attachment":[{"href":"https:\/\/www.messinaoggi.it\/website\/wp-json\/wp\/v2\/media?parent=21638"}],"wp:term":[{"taxonomy":"category","embeddable":true,"href":"https:\/\/www.messinaoggi.it\/website\/wp-json\/wp\/v2\/categories?post=21638"},{"taxonomy":"post_tag","embeddable":true,"href":"https:\/\/www.messinaoggi.it\/website\/wp-json\/wp\/v2\/tags?post=21638"}],"curies":[{"name":"wp","href":"https:\/\/api.w.org\/{rel}","templated":true}]}}