{"id":216350,"date":"2024-10-29T00:05:39","date_gmt":"2024-10-28T23:05:39","guid":{"rendered":"https:\/\/www.messinaoggi.it\/website\/2024\/10\/28\/meloni-italia-tornata-attrattiva-per-i-grandi-investimenti\/"},"modified":"2024-10-29T08:22:08","modified_gmt":"2024-10-29T07:22:08","slug":"meloni-italia-tornata-attrattiva-per-i-grandi-investimenti","status":"publish","type":"post","link":"https:\/\/www.messinaoggi.it\/website\/2024\/10\/29\/meloni-italia-tornata-attrattiva-per-i-grandi-investimenti\/","title":{"rendered":"Meloni \u201cItalia tornata attrattiva per i grandi investimenti\u201d"},"content":{"rendered":"<div>TORINO (ITALPRESS) &#8211; &#8220;Siamo cresciuti pi\u00f9 della media europea e dell&#8217;eurozona, l&#8217;Italia \u00e8 tornata attrattiva per i grandi investimenti. Abbiamo conquistato nuovi mercati e scalato la classifica dell&#8217;export, salendo al quarto posto e scavalcando prima la Corea del Sud e poi il Giappone&#8221;. Cos\u00ec il premier Giorgia Meloni, in un messaggio inviato all&#8217;assemblea annuale dell&#8217;Unione Industriali di Torino. &#8220;Il tasso di occupazione ha toccato il record del 62,3%, mentre quello di disoccupazione \u00e8 sceso al 6,2%, il livello pi\u00f9 basso da settembre 2007. Aumentano i contratti stabili, diminuisce il precariato, crescono anche i lavoratori autonomi. E questo \u00e8 un segnale di grande fiducia, perch\u00e8 vuol dire che sempre pi\u00f9 italiani si mettono in gioco&#8221;, ha aggiunto.<div id=\"div-gpt-ad-Messinaoggi.it-DSK-300x250-corpoart\" style=\"text-align:center;margin:0 auto;\"><\/div><\/p>\n<p>&#8211; Foto Agenzia Fotogramma &#8211;<div id=\"videoincontent\" style=\"clear:both\";><\/div><\/p>\n<p>(ITALPRESS).<\/p><\/div>\n","protected":false},"excerpt":{"rendered":"<p>TORINO (ITALPRESS) &#8211; &#8220;Siamo cresciuti pi\u00f9 della media europea e dell&#8217;eurozona, l&#8217;Italia \u00e8 tornata attrattiva per i grandi investimenti. Abbiamo conquistato nuovi mercati e scalato la classifica dell&#8217;export, salendo al quarto posto e scavalcando prima la Corea del Sud e poi il Giappone&#8221;. Cos\u00ec il premier Giorgia Meloni, in un messaggio inviato all&#8217;assemblea annuale dell&#8217;Unione [&hellip;]<\/p>\n","protected":false},"author":18,"featured_media":216351,"comment_status":"closed","ping_status":"closed","sticky":false,"template":"","format":"standard","meta":{"ub_ctt_via":"","_mi_skip_tracking":false},"categories":[446,4],"tags":[783],"featured_image_src":"https:\/\/www.messinaoggi.it\/website\/wp-content\/uploads\/2024\/10\/20241028_1906.jpg","author_info":{"display_name":"Admin","author_link":"https:\/\/www.messinaoggi.it\/website\/author\/admin\/"},"digistream_id":0,"digistream":false,"_links":{"self":[{"href":"https:\/\/www.messinaoggi.it\/website\/wp-json\/wp\/v2\/posts\/216350"}],"collection":[{"href":"https:\/\/www.messinaoggi.it\/website\/wp-json\/wp\/v2\/posts"}],"about":[{"href":"https:\/\/www.messinaoggi.it\/website\/wp-json\/wp\/v2\/types\/post"}],"author":[{"embeddable":true,"href":"https:\/\/www.messinaoggi.it\/website\/wp-json\/wp\/v2\/users\/18"}],"replies":[{"embeddable":true,"href":"https:\/\/www.messinaoggi.it\/website\/wp-json\/wp\/v2\/comments?post=216350"}],"version-history":[{"count":1,"href":"https:\/\/www.messinaoggi.it\/website\/wp-json\/wp\/v2\/posts\/216350\/revisions"}],"predecessor-version":[{"id":216384,"href":"https:\/\/www.messinaoggi.it\/website\/wp-json\/wp\/v2\/posts\/216350\/revisions\/216384"}],"wp:featuredmedia":[{"embeddable":true,"href":"https:\/\/www.messinaoggi.it\/website\/wp-json\/wp\/v2\/media\/216351"}],"wp:attachment":[{"href":"https:\/\/www.messinaoggi.it\/website\/wp-json\/wp\/v2\/media?parent=216350"}],"wp:term":[{"taxonomy":"category","embeddable":true,"href":"https:\/\/www.messinaoggi.it\/website\/wp-json\/wp\/v2\/categories?post=216350"},{"taxonomy":"post_tag","embeddable":true,"href":"https:\/\/www.messinaoggi.it\/website\/wp-json\/wp\/v2\/tags?post=216350"}],"curies":[{"name":"wp","href":"https:\/\/api.w.org\/{rel}","templated":true}]}}