{"id":216320,"date":"2024-10-28T15:05:43","date_gmt":"2024-10-28T14:05:43","guid":{"rendered":"https:\/\/www.messinaoggi.it\/website\/2024\/10\/28\/sanita-mattarella-necessario-rimuovere-i-divari-territoriali\/"},"modified":"2024-10-28T15:05:43","modified_gmt":"2024-10-28T14:05:43","slug":"sanita-mattarella-necessario-rimuovere-i-divari-territoriali","status":"publish","type":"post","link":"https:\/\/www.messinaoggi.it\/website\/2024\/10\/28\/sanita-mattarella-necessario-rimuovere-i-divari-territoriali\/","title":{"rendered":"Sanit\u00e0, Mattarella \u201cNecessario rimuovere i divari territoriali\u201d"},"content":{"rendered":"<div>ROMA (ITALPRESS) &#8211; &#8220;Il cancro. Un&#8217;insidia diffusa e temuta, avvertita come condanna inesorabile sino a non molti anni fa. E&#8217; stato un risultato importante avergli restituito la sua dimensione di malattia che pu\u00f2 essere combattuta, grazie alla medicina, e dunque alla ricerca che la sospinge&#8221;. Cos\u00ec il presidente della Repubblica, Sergio Mattarella, in occasione della cerimonia di celebrazione de &#8220;I Giorni della ricerca&#8221; al Quirinale. &#8220;Per consentire che l&#8217;efficacia dei risultati della ricerca non incontri ostacoli, \u00e8 necessario rimuovere e superare condizioni di divario territoriale. E&#8217; nostra responsabilit\u00e0 far s\u00ec che questi divari non si propongano nella lotta ai tumori.<br \/>L&#8217;universalit\u00e0 delle cure e la parit\u00e0 dei diritti sono principi irrinunciabili della Repubblica &#8211; evidenzia -, come ci prescrive la Costituzione. Ricerca, prevenzione, cura, vanno di pari passo. La ricerca ha consentito di compiere passi in avanti straordinari. Grazie alla ricerca, grazie all&#8217;immuno-oncologia e alle terapie mirate, \u00e8 cambiata la storia della lotta a molti tumori. Il capo dello Stato osserva che &#8220;la ricerca ha saputo giovarsi delle strade nuove ipotizzate e aperte negli anni, a beneficio anche di altre branche della medicina. Cos\u00ec \u00e8 avvenuto per i vaccini contro il covid, definiti in tempi record. Occorre far crescere &#8211; nelle istituzioni e nella societ\u00e0 &#8211; la consapevolezza che le risorse investite in ricerca tornano moltiplicate&#8221;. Secondo il capo dello Stato &#8220;la generosit\u00e0 degli italiani va incoraggiata, non limitata. La rete che unisce medici, scienziati, volontari di ogni et\u00e0 e ceto sociale, malati e donatori, rappresenta un fattore di grande vitalit\u00e0. Si inserisce nel tessuto solidaristico che tiene insieme il nostro Paese&#8221;.<br \/>(ITALPRESS).<br \/>-Foto: Quirinale-<\/div>\n<div id=\"div-gpt-ad-Messinaoggi.it-DSK-300x250-corpoart\" style=\"text-align:center;margin:0 auto;\"><\/div><\/p><div id=\"videoincontent\" style=\"clear:both\";><\/div>","protected":false},"excerpt":{"rendered":"<p>ROMA (ITALPRESS) &#8211; &#8220;Il cancro. Un&#8217;insidia diffusa e temuta, avvertita come condanna inesorabile sino a non molti anni fa. E&#8217; stato un risultato importante avergli restituito la sua dimensione di malattia che pu\u00f2 essere combattuta, grazie alla medicina, e dunque alla ricerca che la sospinge&#8221;. Cos\u00ec il presidente della Repubblica, Sergio Mattarella, in occasione della [&hellip;]<\/p>\n","protected":false},"author":18,"featured_media":216321,"comment_status":"closed","ping_status":"closed","sticky":false,"template":"","format":"standard","meta":{"ub_ctt_via":"","_mi_skip_tracking":false},"categories":[446],"tags":[783],"featured_image_src":"https:\/\/www.messinaoggi.it\/website\/wp-content\/uploads\/2024\/10\/20241028_0634.jpg","author_info":{"display_name":"Admin","author_link":"https:\/\/www.messinaoggi.it\/website\/author\/admin\/"},"digistream_id":0,"digistream":false,"_links":{"self":[{"href":"https:\/\/www.messinaoggi.it\/website\/wp-json\/wp\/v2\/posts\/216320"}],"collection":[{"href":"https:\/\/www.messinaoggi.it\/website\/wp-json\/wp\/v2\/posts"}],"about":[{"href":"https:\/\/www.messinaoggi.it\/website\/wp-json\/wp\/v2\/types\/post"}],"author":[{"embeddable":true,"href":"https:\/\/www.messinaoggi.it\/website\/wp-json\/wp\/v2\/users\/18"}],"replies":[{"embeddable":true,"href":"https:\/\/www.messinaoggi.it\/website\/wp-json\/wp\/v2\/comments?post=216320"}],"version-history":[{"count":0,"href":"https:\/\/www.messinaoggi.it\/website\/wp-json\/wp\/v2\/posts\/216320\/revisions"}],"wp:featuredmedia":[{"embeddable":true,"href":"https:\/\/www.messinaoggi.it\/website\/wp-json\/wp\/v2\/media\/216321"}],"wp:attachment":[{"href":"https:\/\/www.messinaoggi.it\/website\/wp-json\/wp\/v2\/media?parent=216320"}],"wp:term":[{"taxonomy":"category","embeddable":true,"href":"https:\/\/www.messinaoggi.it\/website\/wp-json\/wp\/v2\/categories?post=216320"},{"taxonomy":"post_tag","embeddable":true,"href":"https:\/\/www.messinaoggi.it\/website\/wp-json\/wp\/v2\/tags?post=216320"}],"curies":[{"name":"wp","href":"https:\/\/api.w.org\/{rel}","templated":true}]}}