{"id":216316,"date":"2024-10-28T15:05:39","date_gmt":"2024-10-28T14:05:39","guid":{"rendered":"https:\/\/www.messinaoggi.it\/website\/2024\/10\/28\/amplifon-al-via-nuova-campagna-di-sensibilizzazione-su-cura-delludito\/"},"modified":"2024-10-28T15:05:39","modified_gmt":"2024-10-28T14:05:39","slug":"amplifon-al-via-nuova-campagna-di-sensibilizzazione-su-cura-delludito","status":"publish","type":"post","link":"https:\/\/www.messinaoggi.it\/website\/2024\/10\/28\/amplifon-al-via-nuova-campagna-di-sensibilizzazione-su-cura-delludito\/","title":{"rendered":"Amplifon, al via nuova campagna di sensibilizzazione su cura dell\u2019udito"},"content":{"rendered":"<div>MILANO (ITALPRESS) &#8211; Una nonna che ascolta la voce del nipotino, una mamma che sente parlare suo figlio, un dialogo tra marito e moglie, due amiche che condividono le proprie passioni. Sono alcune delle emozioni che caratterizzano la quotidianit\u00e0 e che non si potrebbero vivere pienamente in caso di perdita dell&#8217;udito. <br \/>Proprio queste emozioni, vissute da persone reali, sono al centro della nuova campagna di sensibilizzazione sulla prevenzione e la cura dell&#8217;udito avviata da oggi da Amplifon in Italia e in Spagna attraverso la televisione e le piattaforme digitali (https:\/\/youtu.be\/Amplifon_UnTestDellUditoSpeciale).<br \/>Secondo l&#8217;Organizzazione Mondiale della Sanit\u00e0, oggi nel mondo circa 1,5 miliardi di persone convivono con una forma di perdita uditiva (o ipoacusia) e si prevede che il loro numero sia destinato a salire a 2,5 miliardi nel 2050. Solo in Italia, oggi sono 7 milioni le persone con una forma di ipoacusia. In Europa, il 56% delle persone con ipoacusia non ha mai fatto un test dell&#8217;udito. Solo il 30% di loro lo controlla almeno una volta l&#8217;anno . <br \/>I dati mostrano come l&#8217;ipoacusia risulti in crescita in tutto il mondo, anche in considerazione dei trend demografici, e renda essenziali le attivit\u00e0 di prevenzione e sensibilizzazione. Diversi studi scientifici, peraltro, mostrano la stretta connessione tra ipoacusia e declino cognitivo .<br \/>Per questa ragione Amplifon, leader mondiale nel settore dei servizi e delle soluzioni per la cura dell&#8217;udito con 20.300 persone e 10.000 negozi in 26 paesi del mondo, ha ideato una nuova campagna per dimostrare quanto sentire bene significhi non solo recuperare l&#8217;udito ma anche vivere pienamente le relazioni sociali con le persone care.<br \/>La campagna prende il nome di &#8220;Un test dell&#8217;udito speciale&#8221; (A special hearing test) e ha tra i suoi protagonisti clienti reali di Amplifon i quali, durante un normale controllo dell&#8217;udito in negozio, si emozionano ascoltando a sorpresa un messaggio speciale da parte di una persona cara, un nipotino, un figlio o un amico. Un volto sorpreso, un sorriso, una lacrima, un urlo sono alcune delle emozioni nate da questo &#8220;test speciale&#8221;. Sono emozioni che si possono vivere pienamente quando si \u00e8 in grado di sentire bene. <br \/>Il claim della campagna \u00e8 &#8220;Non \u00e8 solo il tuo udito. Per noi, \u00e8 la tua vita&#8221;, perch\u00e8 per Amplifon migliorare la qualit\u00e0 della vita delle persone \u00e8 una promessa che si rinnova ogni giorno e che prende forma grazie all&#8217;esperienza audiologica, all&#8217;innovazione tecnologica e, soprattutto, all&#8217;empatia e all&#8217;attenzione che deriva dalla propria missione. In questo contesto, in particolare, \u00e8 essenziale anche il ruolo dell&#8217;audioprotesista, il professionista che aiuta le persone a riconoscere e curare la loro tipologia di perdita uditiva, assistendole costantemente nel percorso di riabilitazione con un metodo scientifico, tecnologie proprietarie, umanit\u00e0 e gentilezza. Amplifon offre in tutti i suoi negozi in Italia test gratuiti per il controllo dell&#8217;udito.  La campagna, firmata dall&#8217;agenzia creativa Small e dalla casa di produzione Indiana Production, \u00e8 on air da oggi sui principali canali TV, sulle piattaforme digitali e sui social media in Italia e Spagna con versioni da 90, 30 e 15 secondi.<div id=\"div-gpt-ad-Messinaoggi.it-DSK-300x250-corpoart\" style=\"text-align:center;margin:0 auto;\"><\/div><\/p>\n<p>&#8211; Foto ufficio stampa Amplifon &#8211;<div id=\"videoincontent\" style=\"clear:both\";><\/div><\/p>\n<p>(ITALPRESS).<\/p><\/div>\n","protected":false},"excerpt":{"rendered":"<p>MILANO (ITALPRESS) &#8211; Una nonna che ascolta la voce del nipotino, una mamma che sente parlare suo figlio, un dialogo tra marito e moglie, due amiche che condividono le proprie passioni. Sono alcune delle emozioni che caratterizzano la quotidianit\u00e0 e che non si potrebbero vivere pienamente in caso di perdita dell&#8217;udito. Proprio queste emozioni, vissute [&hellip;]<\/p>\n","protected":false},"author":18,"featured_media":216317,"comment_status":"closed","ping_status":"closed","sticky":false,"template":"","format":"standard","meta":{"ub_ctt_via":"","_mi_skip_tracking":false},"categories":[446],"tags":[783],"featured_image_src":"https:\/\/www.messinaoggi.it\/website\/wp-content\/uploads\/2024\/10\/20241028_0457.jpg","author_info":{"display_name":"Admin","author_link":"https:\/\/www.messinaoggi.it\/website\/author\/admin\/"},"digistream_id":0,"digistream":false,"_links":{"self":[{"href":"https:\/\/www.messinaoggi.it\/website\/wp-json\/wp\/v2\/posts\/216316"}],"collection":[{"href":"https:\/\/www.messinaoggi.it\/website\/wp-json\/wp\/v2\/posts"}],"about":[{"href":"https:\/\/www.messinaoggi.it\/website\/wp-json\/wp\/v2\/types\/post"}],"author":[{"embeddable":true,"href":"https:\/\/www.messinaoggi.it\/website\/wp-json\/wp\/v2\/users\/18"}],"replies":[{"embeddable":true,"href":"https:\/\/www.messinaoggi.it\/website\/wp-json\/wp\/v2\/comments?post=216316"}],"version-history":[{"count":0,"href":"https:\/\/www.messinaoggi.it\/website\/wp-json\/wp\/v2\/posts\/216316\/revisions"}],"wp:featuredmedia":[{"embeddable":true,"href":"https:\/\/www.messinaoggi.it\/website\/wp-json\/wp\/v2\/media\/216317"}],"wp:attachment":[{"href":"https:\/\/www.messinaoggi.it\/website\/wp-json\/wp\/v2\/media?parent=216316"}],"wp:term":[{"taxonomy":"category","embeddable":true,"href":"https:\/\/www.messinaoggi.it\/website\/wp-json\/wp\/v2\/categories?post=216316"},{"taxonomy":"post_tag","embeddable":true,"href":"https:\/\/www.messinaoggi.it\/website\/wp-json\/wp\/v2\/tags?post=216316"}],"curies":[{"name":"wp","href":"https:\/\/api.w.org\/{rel}","templated":true}]}}