{"id":216302,"date":"2024-10-28T13:05:41","date_gmt":"2024-10-28T12:05:41","guid":{"rendered":"https:\/\/www.messinaoggi.it\/website\/2024\/10\/28\/casini-calendario-ingolfato-difficile-serie-a-allestero\/"},"modified":"2024-10-28T13:05:41","modified_gmt":"2024-10-28T12:05:41","slug":"casini-calendario-ingolfato-difficile-serie-a-allestero","status":"publish","type":"post","link":"https:\/\/www.messinaoggi.it\/website\/2024\/10\/28\/casini-calendario-ingolfato-difficile-serie-a-allestero\/","title":{"rendered":"Casini \u201cCalendario ingolfato, difficile Serie A all\u2019estero\u201d"},"content":{"rendered":"<div>ROMA (ITALPRESS) &#8211; &#8220;Al momento il mese in cui \u00e8 previsto il recupero di Bologna-Milan \u00e8 febbraio. La data andr\u00e0 definita sulla base di risultati delle competizioni europee e della Coppa Italia. Rispetto al rinvio, ci sono stati alcuni commenti sensati e altri meno. C&#8217;\u00e8 stata un&#8217;ordinanza di una pubblica autorit\u00e0, su questo c&#8217;\u00e8 una giurisprudenza consolidata sia della giustizia sportiva che di quella ordinaria: un&#8217;ordinanza di un&#8217;autorit\u00e0 non pu\u00f2 essere disattesa dal mondo dello sport. Nel poco tempo a disposizione, abbiamo cercato di dialogare con le istituzioni, sia il Ministero dell&#8217;Interno sia il Comune di Bologna, per provare a cercare una soluzione per giocare a porte chiuse. Non c&#8217;\u00e8 stata disponibilit\u00e0. A quel punto, abbiamo provato a verificare il campo neutro, un&#8217;ipotesi non prevista dal nostro statuto, sarebbe stata una novit\u00e0 importante. Ma con neanche 24 ore di tempo, stadi disponibili con una capienza inferiore a quella di Bologna, disagio per i tifosi e la squadra di casa, alla fine abbiamo seguito quello che chiedeva l&#8217;ordinanza e rinviato. Ringrazio L&#8217;Empoli che aveva dato disponibilit\u00e0 per il suo stadio&#8221;. Cos\u00ec ai microfoni di Radio Anch&#8217;io Sport su Rai Radio 1 Lorenzo Casini, presidente Lega Serie A, sulle polemiche legate al rinvio per maltempo di Bologna-Milan. &#8220;Un campionato a 18 squadre aumenterebbero gli spazi per recuperare le partite? Nel caso specifico non sarebbe cambiato nulla. Negli ultimi 20 anni noi siamo rimasti sempre a 20 squadre, il problema \u00e8 che sono aumentate le finestre per le nazionali con competizioni come la Nations League. Sono aumentate anche le gare europee con i nuovi format e ora il calendario si \u00e8 ingolfato&#8221;, ha aggiunto il numero uno dei club del massimo campionato. Sulla Supercoppa in Arabia: &#8220;Il format a quattro squadre non \u00e8 scolpito nella pietra, viene deciso di anno in anno dall&#8217;assemblea. Dire che due partite in pi\u00f9 abbiamo ingolfato il calendario mi sembra eccessivo. Un pro del formato a quattro, oltre a quello economico, \u00e8 anche l&#8217;occasione di farsi conoscere al di fuori dai confini nazionali. Il fatto che si giochi in Arabia non \u00e8 questione solo economica per\u00f2 c&#8217;\u00e8 una forte esigenza di promozione del calcio italiano all&#8217;estero. Il disappunto dei tifosi si pu\u00f2 assolutamente capire. Per quest&#8217;anno stiamo lavorando con l&#8217;organizzazione per assicurare e facilitare i viaggi e la presenza dei tifosi. Per il resto da una parte bisogna contemperare interessi, dall&#8217;altra guardare cosa succede negli altri sport. Nella NBA ormai sono state accettate le partite in Europa&#8221;. &#8220;Serie A all&#8217;estero? Difficilmente potr\u00e0 accadere, il tema dei tifosi diventerebbe ancora pi\u00f9 importante&#8221;. Sulla possibilit\u00e0 di avere sempre pi\u00f9 big match in orari alternativi a quello serale, per favorire i mercati esteri: &#8220;La questione del fuso orario e dei mercati esteri ha inciso, c&#8217;era un&#8217;esigenza di fruibilit\u00e0 a livello internazionale di determinati incontri. In futuro derby della Madonnina o Inter-Juve all&#8217;ora di pranzo? Potrebbe essere un&#8217;opzione, non \u00e8 da escludere&#8221;. In chiave Figc, per Casini non ci sono problemi con il presidente Gravina: &#8220;Non vedo spaccature. Innanzitutto non riguarda le persone ma le istituzioni. Se si va sulle persone, si commette un errore di prospettiva. Una Serie A pi\u00f9 forte, pi\u00f9 presente, pi\u00f9 responsabilizzata \u00e8 un bene per tutti. Persino sulla Nazionale, se c&#8217;\u00e8 qualcosa che non va, la Serie A diventa maggiormente responsabile delle decisioni che vengono prese&#8221;. Il format della Champions non ricorda quello della Superlega: &#8220;La Superlega aveva una logica completamente diversa, assicurando la continuit\u00e0 di presenza per alcuni club. Anzi la SuperChampions \u00e8 stata criticata per l&#8217;opposto, cio\u00e8 aver creato partite troppo squilibrate. Concordo con Marchetti della Uefa, dobbiamo aspettare qualche altra giornata. Ora si fa fatica a leggere la classifica, ma \u00e8 evidente che le ultime partite saranno fondamentali e sar\u00e0 una Champions a suspense crescente. Quando c&#8217;erano i gironi c&#8217;era il rischio di partite senza interesse&#8221;. Per ci\u00f2 che concerne la formula del Mondiale per Club, oltre alla Fifa &#8220;credo piaccia anche ai tifosi delle squadre coinvolte. Mi sento di dire che nell&#8217;era dell&#8217;ingolfamento del calendario, pesano pi\u00f9 le nazionali rispetto al Mondiale per club: per l&#8217;aumento delle finestre, ma anche perch\u00e8 il Mondiale riguarda direttamente le squadre che sono i principali datori di lavoro dei giocatori. Quando si riposeranno i giocatori? Valuterei la proposta di Carlo Ancelotti, ovvero dare una sorta di turnover con ferie durante il campionato ad alcuni giocatori. Non so quanto fosse provocatoria, ma \u00e8 da prendere in considerazione con i calciatori stessi&#8221;. Finale sulle emozioni del campionato: &#8220;Ci sono tanti spunti come il ritorno di Antonio Conte, diverse squadre rinforzate. E poi la partita di ieri era da tanto che non si vedeva: \u00e8 la maggior promozione che si pu\u00f2 fare del campionato in tutto il mondo&#8221;.<br \/>&#8211; Foto Ipa Agency &#8211;<br \/>(ITALPRESS).<\/div>\n<div id=\"div-gpt-ad-Messinaoggi.it-DSK-300x250-corpoart\" style=\"text-align:center;margin:0 auto;\"><\/div><\/p><div id=\"videoincontent\" style=\"clear:both\";><\/div>","protected":false},"excerpt":{"rendered":"<p>ROMA (ITALPRESS) &#8211; &#8220;Al momento il mese in cui \u00e8 previsto il recupero di Bologna-Milan \u00e8 febbraio. La data andr\u00e0 definita sulla base di risultati delle competizioni europee e della Coppa Italia. Rispetto al rinvio, ci sono stati alcuni commenti sensati e altri meno. C&#8217;\u00e8 stata un&#8217;ordinanza di una pubblica autorit\u00e0, su questo c&#8217;\u00e8 una [&hellip;]<\/p>\n","protected":false},"author":18,"featured_media":216303,"comment_status":"closed","ping_status":"closed","sticky":false,"template":"","format":"standard","meta":{"ub_ctt_via":"","_mi_skip_tracking":false},"categories":[446],"tags":[783],"featured_image_src":"https:\/\/www.messinaoggi.it\/website\/wp-content\/uploads\/2024\/10\/20241028_0271.jpg","author_info":{"display_name":"Admin","author_link":"https:\/\/www.messinaoggi.it\/website\/author\/admin\/"},"digistream_id":0,"digistream":false,"_links":{"self":[{"href":"https:\/\/www.messinaoggi.it\/website\/wp-json\/wp\/v2\/posts\/216302"}],"collection":[{"href":"https:\/\/www.messinaoggi.it\/website\/wp-json\/wp\/v2\/posts"}],"about":[{"href":"https:\/\/www.messinaoggi.it\/website\/wp-json\/wp\/v2\/types\/post"}],"author":[{"embeddable":true,"href":"https:\/\/www.messinaoggi.it\/website\/wp-json\/wp\/v2\/users\/18"}],"replies":[{"embeddable":true,"href":"https:\/\/www.messinaoggi.it\/website\/wp-json\/wp\/v2\/comments?post=216302"}],"version-history":[{"count":0,"href":"https:\/\/www.messinaoggi.it\/website\/wp-json\/wp\/v2\/posts\/216302\/revisions"}],"wp:featuredmedia":[{"embeddable":true,"href":"https:\/\/www.messinaoggi.it\/website\/wp-json\/wp\/v2\/media\/216303"}],"wp:attachment":[{"href":"https:\/\/www.messinaoggi.it\/website\/wp-json\/wp\/v2\/media?parent=216302"}],"wp:term":[{"taxonomy":"category","embeddable":true,"href":"https:\/\/www.messinaoggi.it\/website\/wp-json\/wp\/v2\/categories?post=216302"},{"taxonomy":"post_tag","embeddable":true,"href":"https:\/\/www.messinaoggi.it\/website\/wp-json\/wp\/v2\/tags?post=216302"}],"curies":[{"name":"wp","href":"https:\/\/api.w.org\/{rel}","templated":true}]}}