{"id":216239,"date":"2024-10-27T13:05:39","date_gmt":"2024-10-27T12:05:39","guid":{"rendered":"https:\/\/www.messinaoggi.it\/website\/2024\/10\/27\/papa-di-fronte-a-ferite-che-affliggono-umanita-chiesa-non-resti-seduta\/"},"modified":"2024-10-27T13:05:39","modified_gmt":"2024-10-27T12:05:39","slug":"papa-di-fronte-a-ferite-che-affliggono-umanita-chiesa-non-resti-seduta","status":"publish","type":"post","link":"https:\/\/www.messinaoggi.it\/website\/2024\/10\/27\/papa-di-fronte-a-ferite-che-affliggono-umanita-chiesa-non-resti-seduta\/","title":{"rendered":"Papa \u201cDi fronte a ferite che affliggono umanit\u00e0 Chiesa non resti seduta\u201d"},"content":{"rendered":"<div>ROMA (ITALPRESS) &#8211; &#8220;Dinanzi alle domande delle donne e degli uomini di oggi, alle sfide del nostro tempo, alle urgenze dell&#8217;evangelizzazione e alle tante ferite che affliggono l&#8217;umanit\u00e0, non possiamo restare seduti. Una Chiesa seduta, che quasi senza accorgersi si ritira dalla vita e confina se stessa ai margini della realt\u00e0, \u00e8 una Chiesa che rischia di restare nella cecit\u00e0 e di accomodarsi nel proprio malessere&#8221;. Lo ha detto Papa Francesco nell&#8217;omelia della messa a conclusione del Sinodo. &#8220;Non abbiamo bisogno di una Chiesa seduta e rinunciataria, ma di una Chiesa che raccoglie il grido del mondo e, voglio dirlo, forse qaulcuno si scandalizza: una Chiesa che si sporca le mani per servire il Signore&#8221; ha aggiunto.(ITALPRESS).<div id=\"div-gpt-ad-Messinaoggi.it-DSK-300x250-corpoart\" style=\"text-align:center;margin:0 auto;\"><\/div><\/p>\n<p>Foto: Agenzia Fotogramma<div id=\"videoincontent\" style=\"clear:both\";><\/div><\/p><\/div>\n","protected":false},"excerpt":{"rendered":"<p>ROMA (ITALPRESS) &#8211; &#8220;Dinanzi alle domande delle donne e degli uomini di oggi, alle sfide del nostro tempo, alle urgenze dell&#8217;evangelizzazione e alle tante ferite che affliggono l&#8217;umanit\u00e0, non possiamo restare seduti. Una Chiesa seduta, che quasi senza accorgersi si ritira dalla vita e confina se stessa ai margini della realt\u00e0, \u00e8 una Chiesa che [&hellip;]<\/p>\n","protected":false},"author":18,"featured_media":216240,"comment_status":"closed","ping_status":"closed","sticky":false,"template":"","format":"standard","meta":{"ub_ctt_via":"","_mi_skip_tracking":false},"categories":[446],"tags":[783],"featured_image_src":"https:\/\/www.messinaoggi.it\/website\/wp-content\/uploads\/2024\/10\/20241027_0338.jpg","author_info":{"display_name":"Admin","author_link":"https:\/\/www.messinaoggi.it\/website\/author\/admin\/"},"digistream_id":0,"digistream":false,"_links":{"self":[{"href":"https:\/\/www.messinaoggi.it\/website\/wp-json\/wp\/v2\/posts\/216239"}],"collection":[{"href":"https:\/\/www.messinaoggi.it\/website\/wp-json\/wp\/v2\/posts"}],"about":[{"href":"https:\/\/www.messinaoggi.it\/website\/wp-json\/wp\/v2\/types\/post"}],"author":[{"embeddable":true,"href":"https:\/\/www.messinaoggi.it\/website\/wp-json\/wp\/v2\/users\/18"}],"replies":[{"embeddable":true,"href":"https:\/\/www.messinaoggi.it\/website\/wp-json\/wp\/v2\/comments?post=216239"}],"version-history":[{"count":0,"href":"https:\/\/www.messinaoggi.it\/website\/wp-json\/wp\/v2\/posts\/216239\/revisions"}],"wp:featuredmedia":[{"embeddable":true,"href":"https:\/\/www.messinaoggi.it\/website\/wp-json\/wp\/v2\/media\/216240"}],"wp:attachment":[{"href":"https:\/\/www.messinaoggi.it\/website\/wp-json\/wp\/v2\/media?parent=216239"}],"wp:term":[{"taxonomy":"category","embeddable":true,"href":"https:\/\/www.messinaoggi.it\/website\/wp-json\/wp\/v2\/categories?post=216239"},{"taxonomy":"post_tag","embeddable":true,"href":"https:\/\/www.messinaoggi.it\/website\/wp-json\/wp\/v2\/tags?post=216239"}],"curies":[{"name":"wp","href":"https:\/\/api.w.org\/{rel}","templated":true}]}}