{"id":216225,"date":"2024-10-27T03:05:39","date_gmt":"2024-10-27T02:05:39","guid":{"rendered":"https:\/\/www.messinaoggi.it\/website\/2024\/10\/27\/sainz-centra-la-pole-in-messico-quarto-leclerc\/"},"modified":"2024-10-27T03:05:39","modified_gmt":"2024-10-27T02:05:39","slug":"sainz-centra-la-pole-in-messico-quarto-leclerc","status":"publish","type":"post","link":"https:\/\/www.messinaoggi.it\/website\/2024\/10\/27\/sainz-centra-la-pole-in-messico-quarto-leclerc\/","title":{"rendered":"Sainz centra la pole in Messico, quarto Leclerc"},"content":{"rendered":"<div>CITTA&#8217; DEL MESSICO (MESSICO) (ITALPRESS) &#8211; Ferrari da sogno in Messico. Dopo la doppietta delle Rosse ad Austin, Carlos Sainz centra una strepitosa pole position, con il tempo di 1&#8217;15&#8243;946, davanti a Max Verstappen, secondo per 2 decimi. Terzo Lando Norris a 314 millesimi dallo spagnolo della Ferrari. Quarto il monegasco della Ferrari, Charles Leclerc, che scatter\u00e0, dunque, dalla seconda fila. Quinta e sesta le Mercedes di Russell e Lewis Hamilton. Settimo posto per Kevin Magnussen (Haas), ottavo Pierre Gasly, nono Alexander Albon (Williams), e decimo Nico Hulkenberg. &#8220;La Ferrari mi mette a mio agio, da parte mia da Austin in poi \u00e8 stato fatto un grande passo in avanti e la pole mostra dei progressi. Per domani la priorit\u00e0 \u00e8 portare entrambe le macchine al traguardo. Il Titolo costruttori \u00e8 importante&#8221;, ha detto Sainz a fine qualifiche. <br \/>&#8211; Foto Ipa Agency &#8211;<div id=\"div-gpt-ad-Messinaoggi.it-DSK-300x250-corpoart\" style=\"text-align:center;margin:0 auto;\"><\/div><\/p>\n<p>(ITALPRESS).<div id=\"videoincontent\" style=\"clear:both\";><\/div><\/p><\/div>\n","protected":false},"excerpt":{"rendered":"<p>CITTA&#8217; DEL MESSICO (MESSICO) (ITALPRESS) &#8211; Ferrari da sogno in Messico. Dopo la doppietta delle Rosse ad Austin, Carlos Sainz centra una strepitosa pole position, con il tempo di 1&#8217;15&#8243;946, davanti a Max Verstappen, secondo per 2 decimi. Terzo Lando Norris a 314 millesimi dallo spagnolo della Ferrari. Quarto il monegasco della Ferrari, Charles Leclerc, [&hellip;]<\/p>\n","protected":false},"author":18,"featured_media":216226,"comment_status":"closed","ping_status":"closed","sticky":false,"template":"","format":"standard","meta":{"ub_ctt_via":"","_mi_skip_tracking":false},"categories":[446],"tags":[783],"featured_image_src":"https:\/\/www.messinaoggi.it\/website\/wp-content\/uploads\/2024\/10\/20241027_0014.jpg","author_info":{"display_name":"Admin","author_link":"https:\/\/www.messinaoggi.it\/website\/author\/admin\/"},"digistream_id":0,"digistream":false,"_links":{"self":[{"href":"https:\/\/www.messinaoggi.it\/website\/wp-json\/wp\/v2\/posts\/216225"}],"collection":[{"href":"https:\/\/www.messinaoggi.it\/website\/wp-json\/wp\/v2\/posts"}],"about":[{"href":"https:\/\/www.messinaoggi.it\/website\/wp-json\/wp\/v2\/types\/post"}],"author":[{"embeddable":true,"href":"https:\/\/www.messinaoggi.it\/website\/wp-json\/wp\/v2\/users\/18"}],"replies":[{"embeddable":true,"href":"https:\/\/www.messinaoggi.it\/website\/wp-json\/wp\/v2\/comments?post=216225"}],"version-history":[{"count":0,"href":"https:\/\/www.messinaoggi.it\/website\/wp-json\/wp\/v2\/posts\/216225\/revisions"}],"wp:featuredmedia":[{"embeddable":true,"href":"https:\/\/www.messinaoggi.it\/website\/wp-json\/wp\/v2\/media\/216226"}],"wp:attachment":[{"href":"https:\/\/www.messinaoggi.it\/website\/wp-json\/wp\/v2\/media?parent=216225"}],"wp:term":[{"taxonomy":"category","embeddable":true,"href":"https:\/\/www.messinaoggi.it\/website\/wp-json\/wp\/v2\/categories?post=216225"},{"taxonomy":"post_tag","embeddable":true,"href":"https:\/\/www.messinaoggi.it\/website\/wp-json\/wp\/v2\/tags?post=216225"}],"curies":[{"name":"wp","href":"https:\/\/api.w.org\/{rel}","templated":true}]}}