{"id":21573,"date":"2018-07-06T10:07:57","date_gmt":"2018-07-06T08:07:57","guid":{"rendered":"http:\/\/www.messinaoggi.it\/website\/?p=21573"},"modified":"2018-07-06T10:07:57","modified_gmt":"2018-07-06T08:07:57","slug":"de-luca-mette-nel-mirino-le-societa-partecipate-disposti-una-serie-dincontri","status":"publish","type":"post","link":"https:\/\/www.messinaoggi.it\/website\/2018\/07\/06\/de-luca-mette-nel-mirino-le-societa-partecipate-disposti-una-serie-dincontri\/","title":{"rendered":"De Luca mette nel mirino le societ\u00e0 partecipate: disposti una serie d&#039;incontri"},"content":{"rendered":"<p style=\"text-align: justify\">\u201cE\u2019 giunta l\u2019ora del confronto\u201d. Cateno De Luca prende di petto la gestione delle partecipate, sulle quali ha gi\u00e0 emesso atti che rappresentano un indirizzo politico molto ben preciso. Nelle ultime ore si \u00e8 sviluppato uno spigoloso botta e risposta con il presidente dell\u2019Atm, Giovanni Foti, che ha criticato la scelta del sindaco di bloccare le nuove assunzioni disposte nelle settimane scorse. La risposta di De Luca non si \u00e8 fatta attendere, ma intanto l\u2019amministrazione ha intenzione di fare le pulci alla societ\u00e0 dei trasporti, fiore all\u2019occhiello dell\u2019ultima amministrazione. Intanto, luned\u00ec sera alle 20, l\u2019amministrazione incontrer\u00e0 il collegio dei revisori dei conti della societ\u00e0 \u201cal fine di avere un quadro della situazione economico finanziaria per il triennio 2015-2017 e il previsionale 2018-2020 in relazione al piano industriale aziendale\u201d.<div id=\"div-gpt-ad-Messinaoggi.it-DSK-300x250-corpoart\" style=\"text-align:center;margin:0 auto;\"><\/div><\/p>\n<p style=\"text-align: justify\">Sempre restando in tema Atm, gioved\u00ec 12 alle 16 il sindaco incontrer\u00e0 i componenti del consiglio d\u2019amministrazione. Stesso discorso varr\u00e0 per l\u2019Amam, dopo il blitz del primo cittadino nella sede del viale Giostra e quell\u2019ironico \u201ced io pago\u201d che ha spopolato su facebook, visto che al momento dell\u2019arrivo del sindaco erano assenti sia il dg Cipollini che l\u2019amministratore Bonanno. De Luca ha convocato separatamente gli organi di controllo della societ\u00e0: luned\u00ec alle 21 incontrer\u00e0 il collegio dei revisori dei conti, mentre gioved\u00ec 12 alle 14 sar\u00e0 la volta dei componenti del Cda. Cos\u00ec si passa alla Messina Servizi Bene Comune, destinato a diventare terreno di scontro tra l\u2019amministrazione e i sindacati, dopo che la delibera di giunta che ha disposto la messa in liquidazione della societ\u00e0 e la volont\u00e0 di aprire ai privati. Per De Luca \u00e8 arrivata l\u2019ora del confronto con il collegio sindacale, che avverr\u00e0 gioved\u00ec 12 a mezzogiorno.<div id=\"videoincontent\" style=\"clear:both\";><\/div><\/p>\n","protected":false},"excerpt":{"rendered":"<p>\u201cE\u2019 giunta l\u2019ora del confronto\u201d. Cateno De Luca prende di petto la gestione delle partecipate, sulle quali ha gi\u00e0 emesso atti che rappresentano un indirizzo politico molto ben preciso. Nelle ultime ore si \u00e8 sviluppato uno spigoloso botta e risposta con il presidente dell\u2019Atm, Giovanni Foti, che ha criticato la scelta del sindaco di bloccare [&hellip;]<\/p>\n","protected":false},"author":14,"featured_media":21114,"comment_status":"closed","ping_status":"open","sticky":false,"template":"","format":"standard","meta":{"ub_ctt_via":"","_mi_skip_tracking":false},"categories":[6],"tags":[],"featured_image_src":"https:\/\/www.messinaoggi.it\/website\/wp-content\/uploads\/2018\/06\/De-Luca-a-Palazzo-dei-Leoni-pollice-alzato-messinaoggiMarcyRuggi-1.jpg","author_info":{"display_name":"Antonio Macauda","author_link":"https:\/\/www.messinaoggi.it\/website\/author\/a-macauda\/"},"digistream_id":0,"digistream":false,"_links":{"self":[{"href":"https:\/\/www.messinaoggi.it\/website\/wp-json\/wp\/v2\/posts\/21573"}],"collection":[{"href":"https:\/\/www.messinaoggi.it\/website\/wp-json\/wp\/v2\/posts"}],"about":[{"href":"https:\/\/www.messinaoggi.it\/website\/wp-json\/wp\/v2\/types\/post"}],"author":[{"embeddable":true,"href":"https:\/\/www.messinaoggi.it\/website\/wp-json\/wp\/v2\/users\/14"}],"replies":[{"embeddable":true,"href":"https:\/\/www.messinaoggi.it\/website\/wp-json\/wp\/v2\/comments?post=21573"}],"version-history":[{"count":0,"href":"https:\/\/www.messinaoggi.it\/website\/wp-json\/wp\/v2\/posts\/21573\/revisions"}],"wp:featuredmedia":[{"embeddable":true,"href":"https:\/\/www.messinaoggi.it\/website\/wp-json\/wp\/v2\/media\/21114"}],"wp:attachment":[{"href":"https:\/\/www.messinaoggi.it\/website\/wp-json\/wp\/v2\/media?parent=21573"}],"wp:term":[{"taxonomy":"category","embeddable":true,"href":"https:\/\/www.messinaoggi.it\/website\/wp-json\/wp\/v2\/categories?post=21573"},{"taxonomy":"post_tag","embeddable":true,"href":"https:\/\/www.messinaoggi.it\/website\/wp-json\/wp\/v2\/tags?post=21573"}],"curies":[{"name":"wp","href":"https:\/\/api.w.org\/{rel}","templated":true}]}}