{"id":215694,"date":"2024-10-23T09:38:41","date_gmt":"2024-10-23T07:38:41","guid":{"rendered":"http:\/\/www.messinaoggi.it\/website\/?p=215694"},"modified":"2024-10-23T09:38:44","modified_gmt":"2024-10-23T07:38:44","slug":"amam-nuovo-cda-problemi-vecchi","status":"publish","type":"post","link":"https:\/\/www.messinaoggi.it\/website\/2024\/10\/23\/amam-nuovo-cda-problemi-vecchi\/","title":{"rendered":"AMAM: nuovo CdA, problemi vecchi"},"content":{"rendered":"\n<p>Neanche il tempo di insediarsi il nuovo CdA dell&#8217;AMAM che si profila una nuova emergenza idrica in citt\u00e0. Il maltempo ci ha messo lo zampino, occorre specificarlo, ma \u00e8 altrettanto opportuno precisare che i problemi non sono attuali ma affondano le radici nel rempo.<div id=\"div-gpt-ad-Messinaoggi.it-DSK-300x250-corpoart\" style=\"text-align:center;margin:0 auto;\"><\/div><\/p>\n\n\n\n<p>Inutile prendersela con quelli che c&#8217;erano prima perch\u00e9 il &#8220;gruppo di comando&#8221; che fa riferimento a Cateno De Luca \u00e8 in carica dal 2018. In sei anni, se ci fosse stata la volont\u00e0 e soprattutto la competenza i problemi idrici a Messina sarebbero stati risolti.<div id=\"videoincontent\" style=\"clear:both\";><\/div><\/p>\n\n\n\n<p>Da ieri, a causa del maltempo si registrano problemi nella fornitura dell&#8217;acqua soprattutto in centro citt\u00e0, dove come al solito il prezioso liquido arriva con il contagocce.<\/p>\n\n\n\n<p>A ci\u00f2 si aggiunga l&#8217;acqua marrone che esce dai rubinetti dei messinesi (non tutti, sia chiaro). Ma non finisce qui perch\u00e9 ci sono quartieri dove l&#8217;acqua deve essere portata ad ebollizione prima dell&#8217;uso.<\/p>\n\n\n\n<p>Insomma, nuovo CdA AMAM e soliti vecchi problemi&#8230;<\/p>\n","protected":false},"excerpt":{"rendered":"<p>Neanche il tempo di insediarsi il nuovo CdA dell&#8217;AMAM che si profila una nuova emergenza idrica in citt\u00e0. Il maltempo ci ha messo lo zampino, occorre specificarlo, ma \u00e8 altrettanto opportuno precisare che i problemi non sono attuali ma affondano le radici nel rempo. Inutile prendersela con quelli che c&#8217;erano prima perch\u00e9 il &#8220;gruppo di [&hellip;]<\/p>\n","protected":false},"author":2,"featured_media":177498,"comment_status":"open","ping_status":"open","sticky":false,"template":"","format":"standard","meta":{"ub_ctt_via":"","_mi_skip_tracking":false},"categories":[19],"tags":[1080,8562],"featured_image_src":"https:\/\/www.messinaoggi.it\/website\/wp-content\/uploads\/2023\/11\/402499160_10227599551446109_5754425190646450642_n.jpg","author_info":{"display_name":"Redazione","author_link":"https:\/\/www.messinaoggi.it\/website\/author\/redazione\/"},"digistream_id":0,"digistream":false,"_links":{"self":[{"href":"https:\/\/www.messinaoggi.it\/website\/wp-json\/wp\/v2\/posts\/215694"}],"collection":[{"href":"https:\/\/www.messinaoggi.it\/website\/wp-json\/wp\/v2\/posts"}],"about":[{"href":"https:\/\/www.messinaoggi.it\/website\/wp-json\/wp\/v2\/types\/post"}],"author":[{"embeddable":true,"href":"https:\/\/www.messinaoggi.it\/website\/wp-json\/wp\/v2\/users\/2"}],"replies":[{"embeddable":true,"href":"https:\/\/www.messinaoggi.it\/website\/wp-json\/wp\/v2\/comments?post=215694"}],"version-history":[{"count":1,"href":"https:\/\/www.messinaoggi.it\/website\/wp-json\/wp\/v2\/posts\/215694\/revisions"}],"predecessor-version":[{"id":215695,"href":"https:\/\/www.messinaoggi.it\/website\/wp-json\/wp\/v2\/posts\/215694\/revisions\/215695"}],"wp:featuredmedia":[{"embeddable":true,"href":"https:\/\/www.messinaoggi.it\/website\/wp-json\/wp\/v2\/media\/177498"}],"wp:attachment":[{"href":"https:\/\/www.messinaoggi.it\/website\/wp-json\/wp\/v2\/media?parent=215694"}],"wp:term":[{"taxonomy":"category","embeddable":true,"href":"https:\/\/www.messinaoggi.it\/website\/wp-json\/wp\/v2\/categories?post=215694"},{"taxonomy":"post_tag","embeddable":true,"href":"https:\/\/www.messinaoggi.it\/website\/wp-json\/wp\/v2\/tags?post=215694"}],"curies":[{"name":"wp","href":"https:\/\/api.w.org\/{rel}","templated":true}]}}