{"id":21561,"date":"2018-07-05T20:18:13","date_gmt":"2018-07-05T18:18:13","guid":{"rendered":"http:\/\/www.messinaoggi.it\/website\/?p=21561"},"modified":"2018-07-05T20:18:13","modified_gmt":"2018-07-05T18:18:13","slug":"presidenza-consiglio-il-centrodestra-aspetta-il-pd","status":"publish","type":"post","link":"https:\/\/www.messinaoggi.it\/website\/2018\/07\/05\/presidenza-consiglio-il-centrodestra-aspetta-il-pd\/","title":{"rendered":"Presidenza Consiglio, il centrodestra aspetta il PD"},"content":{"rendered":"<p style=\"text-align: justify\">Per il centrosinistra \u00e8 arrivata l\u2019ora delle scelte, scelte che potrebbero incidere pure sullo schieramento di centrodestra. Marted\u00ec il Consiglio Comunale far\u00e0 la sua prima apparizione ufficiale dopo a proclamazione, l\u00ec sar\u00e0 tracciata la prima cartina geografica dell\u2019aula, con i tre poli a confronto, perch\u00e9 non va assolutamente dimenticato il Movimento 5 Stelle.<div id=\"div-gpt-ad-Messinaoggi.it-DSK-300x250-corpoart\" style=\"text-align:center;margin:0 auto;\"><\/div><\/p>\n<p style=\"text-align: justify\">Di questi tre poli nessuno dovrebbe restare fuori dall\u2019ufficio di presidenza, ma se il centrosinistra, o meglio il Partito Democratico, pur andando a rilento ha iniziato i propri confronti interni, cos\u00ec non si pu\u00f2 dire per il centrodestra. Sin qui Forza Italia, Bramanti Sindaco e Ora Messina non si sono guardate negli occhi, non hanno cercato di aprire un confronto per cercare di individuare quel nome forte che fosse in grado di ricevere quei consensi trasversali che servono in questi casi.<div id=\"videoincontent\" style=\"clear:both\";><\/div><\/p>\n<p style=\"text-align: justify\">L\u2019unico nome trapelato in questi giorni \u00e8 quello di Benedetto Vaccarino, genovesiano doc confermato in aula con oltre mille e quattrocento preferenze con Forza Italia, nome che per\u00f2 non avrebbe provocato quell\u2019assenso interno necessario in questi casi.<\/p>\n<p style=\"text-align: justify\">Cos\u00ec ecco che il centrodestra potrebbe decidere di non decidere, magari attendendo il nome uscito dal cilindro del centrosinistra. Se tra le fila del Partito Democratico dovesse uscire un nome di spessore (la lista \u00e8 nota da Calabr\u00f2 a Gioveni passando per Gennaro, Cardile, Antonella Russo e Biagio Bonfiglio), ecco che il centrodestra possa semplicemente garantire il proprio supporto, in cambio d una vicepresidenza. Il nome pi\u00f9 gettonato potrebbe essere quello di Pierluigi Parisi, che ha gi\u00e0 ricoperto il ruolo di vicepresidente nell\u2019ultimo anno e mezzo.<\/p>\n","protected":false},"excerpt":{"rendered":"<p>Per il centrosinistra \u00e8 arrivata l\u2019ora delle scelte, scelte che potrebbero incidere pure sullo schieramento di centrodestra. Marted\u00ec il Consiglio Comunale far\u00e0 la sua prima apparizione ufficiale dopo a proclamazione, l\u00ec sar\u00e0 tracciata la prima cartina geografica dell\u2019aula, con i tre poli a confronto, perch\u00e9 non va assolutamente dimenticato il Movimento 5 Stelle. Di questi [&hellip;]<\/p>\n","protected":false},"author":14,"featured_media":11736,"comment_status":"closed","ping_status":"open","sticky":false,"template":"","format":"standard","meta":{"ub_ctt_via":"","_mi_skip_tracking":false},"categories":[6],"tags":[],"featured_image_src":"https:\/\/www.messinaoggi.it\/website\/wp-content\/uploads\/2017\/11\/consiglio-comunale-generico-messinaoggi.jpg","author_info":{"display_name":"Antonio Macauda","author_link":"https:\/\/www.messinaoggi.it\/website\/author\/a-macauda\/"},"digistream_id":0,"digistream":false,"_links":{"self":[{"href":"https:\/\/www.messinaoggi.it\/website\/wp-json\/wp\/v2\/posts\/21561"}],"collection":[{"href":"https:\/\/www.messinaoggi.it\/website\/wp-json\/wp\/v2\/posts"}],"about":[{"href":"https:\/\/www.messinaoggi.it\/website\/wp-json\/wp\/v2\/types\/post"}],"author":[{"embeddable":true,"href":"https:\/\/www.messinaoggi.it\/website\/wp-json\/wp\/v2\/users\/14"}],"replies":[{"embeddable":true,"href":"https:\/\/www.messinaoggi.it\/website\/wp-json\/wp\/v2\/comments?post=21561"}],"version-history":[{"count":0,"href":"https:\/\/www.messinaoggi.it\/website\/wp-json\/wp\/v2\/posts\/21561\/revisions"}],"wp:featuredmedia":[{"embeddable":true,"href":"https:\/\/www.messinaoggi.it\/website\/wp-json\/wp\/v2\/media\/11736"}],"wp:attachment":[{"href":"https:\/\/www.messinaoggi.it\/website\/wp-json\/wp\/v2\/media?parent=21561"}],"wp:term":[{"taxonomy":"category","embeddable":true,"href":"https:\/\/www.messinaoggi.it\/website\/wp-json\/wp\/v2\/categories?post=21561"},{"taxonomy":"post_tag","embeddable":true,"href":"https:\/\/www.messinaoggi.it\/website\/wp-json\/wp\/v2\/tags?post=21561"}],"curies":[{"name":"wp","href":"https:\/\/api.w.org\/{rel}","templated":true}]}}