{"id":21544,"date":"2018-07-05T16:16:26","date_gmt":"2018-07-05T14:16:26","guid":{"rendered":"http:\/\/www.messinaoggi.it\/website\/?p=21544"},"modified":"2018-07-05T16:16:26","modified_gmt":"2018-07-05T14:16:26","slug":"atm-foti-smentisce-de-luca-le-assunzioni-non-possono-essere-sospese","status":"publish","type":"post","link":"https:\/\/www.messinaoggi.it\/website\/2018\/07\/05\/atm-foti-smentisce-de-luca-le-assunzioni-non-possono-essere-sospese\/","title":{"rendered":"Atm, Foti smentisce De Luca: &quot;Le assunzioni non possono essere sospese&quot;"},"content":{"rendered":"<p style=\"text-align: justify\">Il fronte Atm \u00e8 sempre pi\u00f9 caldo. I sindacati annunciano lo stato d\u2019agitazione, l\u2019amministrazione non sembra indietreggiare al cospetto della volont\u00e0 di porre freno alle assunzioni stabilite negli ultimi 45 giorni. , Giovanni Foti, risponde tramite un comunicato stampa al sindaco De Luca, in merito a questa nota vicenda: <em>\u201cCon riferimento alla nota inviata dal Signor Sindaco del Comune di Messina al Direttore Generale dell\u2019ATM, nella quale si invitava lo stesso a sospendere qualsiasi procedura di assunzione, e dalle informazioni ricevute per le vie brevi dallo stesso Direttore Generale che il Comune intenderebbe anche sospendere la procedura avviata da questo CDA nel gennaio 2018 con la quale a seguito di bando pubblico \u00e8 stata aggiudicata all\u2019Agenzia interinale Tempor di fornire il servizio\u00a0 di autisti a tempo determinato per sopperire alla carenza di personale, anche per ferie, nel periodo estivo, si precisa quanto segue:<\/em> <em>Come chiarito dallo stesso Direttore generale\u00a0\u00a0<\/em><em>Daniele De Almagro<\/em><em>\u00a0al Vice Sindaco\u00a0<\/em><em>Salvatore Mondello<\/em><em>, non trattasi di assunzioni dirette, peraltro impossibili nella attuale situazione di predissesto del Comune di Messina, bens\u00ec di lavoro somministrato tramite Agenzia Interinale, con sedi in Milano e Cosenza, che si \u00e8 aggiudicata la relativa gara d\u2019appalto bandita con deliberazione del CDA; <\/em><em>I criteri di selezione, dei lavoratori sono puntuali, rigidi ed oggettivi; Terminata la valutazione dei curricula ed operata la selezione, il CDA proceder\u00e0 con la nomina di due dei membri della commissione per l\u2019espletamento dei colloqui che si svolgeranno a cura della stessa Agenzia Interinale; <\/em><em>Non vi sono al momento atti amministrativi motivati e diretti al CDA, che possano indurre lo stesso a sospendere o addirittura annullare in autotutela l\u2019iter di gara, con grave disservizio per l\u2019utenza nel periodo estivo e possibilit\u00e0 di azioni risarcitorie da parte dei lavoratori selezionati o della Agenzia Interinale. Si invita pertanto il Direttore Generale De Almagro a proseguire l\u2019iter di gara con l\u2019espletamento di tutti gli atti necessari come da delibera del CDA. <\/em><em>Tanto si rassegna anche con riguardo alle legittime preoccupazioni delle Organizzazioni Sindacali, nell\u2019auspicio\u00a0di un incontro a breve con il Sindaco, gi\u00e0 in precedenza manifestato&#8221;.\u00a0<\/em>Arriva forte e chiara la risposta di De Luca attraverso la sua pagina Facebook: &#8220;In merito al contenuto dell\u2019inopportuno comunicato stampa dell\u2019ex direttore generale Foti ed attuale presidente FOTI \u00e8\u2019 proprio il caso di dire: excusatio non petita accusatio manifesta !<div id=\"div-gpt-ad-Messinaoggi.it-DSK-300x250-corpoart\" style=\"text-align:center;margin:0 auto;\"><\/div><\/p>\n<p>Mi dispiace che il presidente ATM Foti, che non gode della mia stima per come gi\u00e0 si \u00e8 espresso sul tram di Messina (mal progettato e mal realizzato ecc ecc ) nella sua qualit\u00e0 di direttore generale disarcionato dalla giunta Accorinti, abbia deciso di andare avanti per la sua strada senza spiegare al sindaco ed alla Giunta Municipale il piano industriale ATM e scelte consequenziali.<br \/>\nNe prendo atto e vado avanti in base al programma votato dalla comunit\u00e0.<br \/>\nLuned\u00ec 9 luglio la giunta municipale si confronter\u00e0 con il collegio sindacale ATM mentre gioved\u00ec 12 si svolger\u00e0 il gi\u00e0 programmato confronto con il cda ed il direttore generale ATM. ( tra qualche ora partiranno le relative convocazioni ).<br \/>\nFoti vuol fare di testa sua ?<br \/>\nFaccia pure !<br \/>\nNe terr\u00f2 conto nelle sedi sedi opportune ed al momento opportuno&#8221;.<br \/>\n <br \/>\n <div id=\"videoincontent\" style=\"clear:both\";><\/div><\/p>\n","protected":false},"excerpt":{"rendered":"<p>Il fronte Atm \u00e8 sempre pi\u00f9 caldo. I sindacati annunciano lo stato d\u2019agitazione, l\u2019amministrazione non sembra indietreggiare al cospetto della volont\u00e0 di porre freno alle assunzioni stabilite negli ultimi 45 giorni. , Giovanni Foti, risponde tramite un comunicato stampa al sindaco De Luca, in merito a questa nota vicenda: \u201cCon riferimento alla nota inviata dal [&hellip;]<\/p>\n","protected":false},"author":15,"featured_media":1187,"comment_status":"closed","ping_status":"open","sticky":false,"template":"","format":"standard","meta":{"ub_ctt_via":"","_mi_skip_tracking":false},"categories":[6],"tags":[],"featured_image_src":"https:\/\/www.messinaoggi.it\/website\/wp-content\/uploads\/2017\/06\/del-magro-foti1709-2.jpg","author_info":{"display_name":"red.me","author_link":"https:\/\/www.messinaoggi.it\/website\/author\/red-me\/"},"digistream_id":0,"digistream":false,"_links":{"self":[{"href":"https:\/\/www.messinaoggi.it\/website\/wp-json\/wp\/v2\/posts\/21544"}],"collection":[{"href":"https:\/\/www.messinaoggi.it\/website\/wp-json\/wp\/v2\/posts"}],"about":[{"href":"https:\/\/www.messinaoggi.it\/website\/wp-json\/wp\/v2\/types\/post"}],"author":[{"embeddable":true,"href":"https:\/\/www.messinaoggi.it\/website\/wp-json\/wp\/v2\/users\/15"}],"replies":[{"embeddable":true,"href":"https:\/\/www.messinaoggi.it\/website\/wp-json\/wp\/v2\/comments?post=21544"}],"version-history":[{"count":0,"href":"https:\/\/www.messinaoggi.it\/website\/wp-json\/wp\/v2\/posts\/21544\/revisions"}],"wp:featuredmedia":[{"embeddable":true,"href":"https:\/\/www.messinaoggi.it\/website\/wp-json\/wp\/v2\/media\/1187"}],"wp:attachment":[{"href":"https:\/\/www.messinaoggi.it\/website\/wp-json\/wp\/v2\/media?parent=21544"}],"wp:term":[{"taxonomy":"category","embeddable":true,"href":"https:\/\/www.messinaoggi.it\/website\/wp-json\/wp\/v2\/categories?post=21544"},{"taxonomy":"post_tag","embeddable":true,"href":"https:\/\/www.messinaoggi.it\/website\/wp-json\/wp\/v2\/tags?post=21544"}],"curies":[{"name":"wp","href":"https:\/\/api.w.org\/{rel}","templated":true}]}}