{"id":215430,"date":"2024-10-21T12:11:19","date_gmt":"2024-10-21T10:11:19","guid":{"rendered":"http:\/\/www.messinaoggi.it\/website\/?p=215430"},"modified":"2024-10-21T12:11:23","modified_gmt":"2024-10-21T10:11:23","slug":"parcheggio-interscambio-giostra-carbone-e-v-municipalita-chiedono-modifiche","status":"publish","type":"post","link":"https:\/\/www.messinaoggi.it\/website\/2024\/10\/21\/parcheggio-interscambio-giostra-carbone-e-v-municipalita-chiedono-modifiche\/","title":{"rendered":"Parcheggio interscambio Giostra, Carbone e V Municipalit\u00e0 chiedono modifiche"},"content":{"rendered":"\n<p>Il Consigliere Comunale di Fratelli d\u2019Italia <strong>Dario Carbone<\/strong> ha richiesto una convocazione della I Commissione Consiliare \u201cviabilit\u00e0 e lavori pubblici\u201d avente ad oggetto le proposte di modifica al progetto del parcheggio di interscambio \u201cGiostra -S. Orsola\u201d a seguito dell\u2019intervento del Consiglio della V Municipalit\u00e0 che ha deliberato sul punto al fine di ridurre i disagi dei cittadini della zona.<div id=\"div-gpt-ad-Messinaoggi.it-DSK-300x250-corpoart\" style=\"text-align:center;margin:0 auto;\"><\/div><\/p>\n\n\n\n<p>\u201cIl Consiglio della V Municipalit\u00e0 si \u00e8 espresso all\u2019unanimit\u00e0 con delibera n. 21 del 09.10.2024 proponendo all\u2019Assessore alla Viabilit\u00e0 e Vice Sindaco Mondello una serie di modifiche che reputo assolutamente intelligenti e condivisibili tra le quali la riduzione del parcheggio in prossimit\u00e0 degli incroci con viale Regina Elena e via Garibaldi al fine di rendere pi\u00f9 scorrevole il traffico veicolare oltre a garantire il normale deflusso dei mezzi, di valutare la possibilit\u00e0 di varchi di accesso per i mezzi di soccorso e di discutere della futura gestione del parcheggio\u201d dichiara Carbone.<div id=\"videoincontent\" style=\"clear:both\";><\/div><\/p>\n\n\n\n<figure class=\"wp-block-image size-large is-resized\"><img loading=\"lazy\" src=\"http:\/\/www.messinaoggi.it\/website\/wp-content\/uploads\/2022\/11\/dario-carbone.jpeg\" alt=\"\" class=\"wp-image-129214\" width=\"580\" height=\"571\" srcset=\"https:\/\/www.messinaoggi.it\/website\/wp-content\/uploads\/2022\/11\/dario-carbone.jpeg 960w, https:\/\/www.messinaoggi.it\/website\/wp-content\/uploads\/2022\/11\/dario-carbone-300x296.jpeg 300w, https:\/\/www.messinaoggi.it\/website\/wp-content\/uploads\/2022\/11\/dario-carbone-768x757.jpeg 768w\" sizes=\"(max-width: 580px) 100vw, 580px\" \/><figcaption>Dario Carbone <\/figcaption><\/figure>\n\n\n\n<p>\u201cRitengo opportuno che la Commissione Viabilit\u00e0 del Comune di Messina si esprima su queste proposte di modifica e ne discuta alla presenza dell\u2019Assessore Mondello, dei Dirigenti competenti, del RUP e del Direttore dei lavori oltre che ovviamente della V Municipalit\u00e0 anche al fine di comprendere le intenzioni dell\u2019Amministrazione Comunale sul punto\u201d continua Carbone.<\/p>\n\n\n\n<p>\u201cRisulta di fondamentale importanza &#8211; nell\u2019immediato e come gi\u00e0 richiesto dalla V Municipalit\u00e0 considerato anche l\u2019arrivo della stagione autunnale &#8211; provvedere con la predisposizione delle luci provvisorie o di cantiere considerato che la zona risulta totalmente al buio con tutte le conseguenze del caso anche in termini di sicurezza urbana\u201d conclude Carbone.<\/p>\n","protected":false},"excerpt":{"rendered":"<p>Il Consigliere Comunale di Fratelli d\u2019Italia Dario Carbone ha richiesto una convocazione della I Commissione Consiliare \u201cviabilit\u00e0 e lavori pubblici\u201d avente ad oggetto le proposte di modifica al progetto del parcheggio di interscambio \u201cGiostra -S. Orsola\u201d a seguito dell\u2019intervento del Consiglio della V Municipalit\u00e0 che ha deliberato sul punto al fine di ridurre i disagi [&hellip;]<\/p>\n","protected":false},"author":15,"featured_media":125949,"comment_status":"open","ping_status":"open","sticky":false,"template":"","format":"standard","meta":{"ub_ctt_via":"","_mi_skip_tracking":false},"categories":[5,6],"tags":[3756,1526,249,5081],"featured_image_src":"https:\/\/www.messinaoggi.it\/website\/wp-content\/uploads\/2022\/10\/Palazzo-Zanca.jpg","author_info":{"display_name":"red.me","author_link":"https:\/\/www.messinaoggi.it\/website\/author\/red-me\/"},"digistream_id":0,"digistream":false,"_links":{"self":[{"href":"https:\/\/www.messinaoggi.it\/website\/wp-json\/wp\/v2\/posts\/215430"}],"collection":[{"href":"https:\/\/www.messinaoggi.it\/website\/wp-json\/wp\/v2\/posts"}],"about":[{"href":"https:\/\/www.messinaoggi.it\/website\/wp-json\/wp\/v2\/types\/post"}],"author":[{"embeddable":true,"href":"https:\/\/www.messinaoggi.it\/website\/wp-json\/wp\/v2\/users\/15"}],"replies":[{"embeddable":true,"href":"https:\/\/www.messinaoggi.it\/website\/wp-json\/wp\/v2\/comments?post=215430"}],"version-history":[{"count":5,"href":"https:\/\/www.messinaoggi.it\/website\/wp-json\/wp\/v2\/posts\/215430\/revisions"}],"predecessor-version":[{"id":215441,"href":"https:\/\/www.messinaoggi.it\/website\/wp-json\/wp\/v2\/posts\/215430\/revisions\/215441"}],"wp:featuredmedia":[{"embeddable":true,"href":"https:\/\/www.messinaoggi.it\/website\/wp-json\/wp\/v2\/media\/125949"}],"wp:attachment":[{"href":"https:\/\/www.messinaoggi.it\/website\/wp-json\/wp\/v2\/media?parent=215430"}],"wp:term":[{"taxonomy":"category","embeddable":true,"href":"https:\/\/www.messinaoggi.it\/website\/wp-json\/wp\/v2\/categories?post=215430"},{"taxonomy":"post_tag","embeddable":true,"href":"https:\/\/www.messinaoggi.it\/website\/wp-json\/wp\/v2\/tags?post=215430"}],"curies":[{"name":"wp","href":"https:\/\/api.w.org\/{rel}","templated":true}]}}