{"id":215400,"date":"2024-10-21T08:57:27","date_gmt":"2024-10-21T06:57:27","guid":{"rendered":"http:\/\/www.messinaoggi.it\/website\/?p=215400"},"modified":"2024-10-21T08:57:28","modified_gmt":"2024-10-21T06:57:28","slug":"padre-nostro-padre-di-tutti-festeggia-i-25-anni","status":"publish","type":"post","link":"https:\/\/www.messinaoggi.it\/website\/2024\/10\/21\/padre-nostro-padre-di-tutti-festeggia-i-25-anni\/","title":{"rendered":"&#8220;Padre nostro&#8230; Padre di tutti&#8221; festeggia i 25 anni"},"content":{"rendered":"\n<p>Per il Gruppo \u201cPadre nostro \u2026 Padre di tutti\u201d festeggiare ogni anno il proprio compleanno \u00e8 un evento importante da condividere con i fratelli e le sorelle della comunit\u00e0,\u00a0 e arricchito dalla presenza di amici, simpatizzanti, benefattori e da nuovi conoscenti. La ricorrenza di quest\u2019anno per il venticinquesimo dalla nascita \u00e8 stata davvero speciale,\u00a0 non solo per il traguardo importante raggiunto ma anche perch\u00e9 inizio del Giubileo di Gruppo: due preziose opportunit\u00e0 per rendersi pi\u00f9 disponibili alla Grazia di Dio.\u00a0 Con lo slogan \u201cFesteggiamo insieme\u201d,\u00a0 ancora una volta, si \u00e8 scelto di fare festa attraverso un compleanno solidale per rendere felice anche chi sta vivendo un momento difficile o \u00e8 meno fortunato. Il ricavato dell\u2019evento \u00e8 servito infatti per sostenere i progetti dell\u2019Associazione \u201cS. Maria della Strada\u201d, diretta da Padre Pati, che nelle varie Case di accoglienza ospita persone di ogni et\u00e0, condizione sociale e personale, tra cui anche stranieri, che si trovano in grave stato di emarginazione e senza dimora. Sabato 19 ottobre nella Parrocchia \u201cCuore Immacolato di Maria\u201d di Paradiso, si \u00e8 vissuta un bella serata di fraternit\u00e0 e di solidariet\u00e0, iniziata con la celebrazione eucaristica\u00a0 presieduta da Don Fosco Nicoletti.\u00a0 \u00c8 stata l\u2019occasione per ringraziare Dio, Padre misericordioso, per i grandi doni e per la benedizione che ha riversato sulla comunit\u00e0. La gioia e la gratitudine per aver ispirato nei fondatori il carisma della preghiera per i lontani e per chi si affida al male e per aver suscitato nei fratelli e nelle sorelle di Gruppo la voglia di seguirli per crescere nella fede e nell\u2019amore vicendevole.<div id=\"div-gpt-ad-Messinaoggi.it-DSK-300x250-corpoart\" style=\"text-align:center;margin:0 auto;\"><\/div><\/p>\n<div id=\"videoincontent\" style=\"clear:both\";><\/div>","protected":false},"excerpt":{"rendered":"<p>Per il Gruppo \u201cPadre nostro \u2026 Padre di tutti\u201d festeggiare ogni anno il proprio compleanno \u00e8 un evento importante da condividere con i fratelli e le sorelle della comunit\u00e0,\u00a0 e arricchito dalla presenza di amici, simpatizzanti, benefattori e da nuovi conoscenti. La ricorrenza di quest\u2019anno per il venticinquesimo dalla nascita \u00e8 stata davvero speciale,\u00a0 non [&hellip;]<\/p>\n","protected":false},"author":2,"featured_media":215401,"comment_status":"open","ping_status":"open","sticky":false,"template":"","format":"standard","meta":{"ub_ctt_via":"","_mi_skip_tracking":false},"categories":[5],"tags":[2570,602,10652],"featured_image_src":"https:\/\/www.messinaoggi.it\/website\/wp-content\/uploads\/2024\/10\/Foto-1.jpg","author_info":{"display_name":"Redazione","author_link":"https:\/\/www.messinaoggi.it\/website\/author\/redazione\/"},"digistream_id":0,"digistream":false,"_links":{"self":[{"href":"https:\/\/www.messinaoggi.it\/website\/wp-json\/wp\/v2\/posts\/215400"}],"collection":[{"href":"https:\/\/www.messinaoggi.it\/website\/wp-json\/wp\/v2\/posts"}],"about":[{"href":"https:\/\/www.messinaoggi.it\/website\/wp-json\/wp\/v2\/types\/post"}],"author":[{"embeddable":true,"href":"https:\/\/www.messinaoggi.it\/website\/wp-json\/wp\/v2\/users\/2"}],"replies":[{"embeddable":true,"href":"https:\/\/www.messinaoggi.it\/website\/wp-json\/wp\/v2\/comments?post=215400"}],"version-history":[{"count":1,"href":"https:\/\/www.messinaoggi.it\/website\/wp-json\/wp\/v2\/posts\/215400\/revisions"}],"predecessor-version":[{"id":215402,"href":"https:\/\/www.messinaoggi.it\/website\/wp-json\/wp\/v2\/posts\/215400\/revisions\/215402"}],"wp:featuredmedia":[{"embeddable":true,"href":"https:\/\/www.messinaoggi.it\/website\/wp-json\/wp\/v2\/media\/215401"}],"wp:attachment":[{"href":"https:\/\/www.messinaoggi.it\/website\/wp-json\/wp\/v2\/media?parent=215400"}],"wp:term":[{"taxonomy":"category","embeddable":true,"href":"https:\/\/www.messinaoggi.it\/website\/wp-json\/wp\/v2\/categories?post=215400"},{"taxonomy":"post_tag","embeddable":true,"href":"https:\/\/www.messinaoggi.it\/website\/wp-json\/wp\/v2\/tags?post=215400"}],"curies":[{"name":"wp","href":"https:\/\/api.w.org\/{rel}","templated":true}]}}