{"id":215320,"date":"2024-10-20T10:10:33","date_gmt":"2024-10-20T08:10:33","guid":{"rendered":"http:\/\/www.messinaoggi.it\/website\/?p=215320"},"modified":"2024-10-20T10:10:35","modified_gmt":"2024-10-20T08:10:35","slug":"patente-a-crediti-seminario-dellance","status":"publish","type":"post","link":"https:\/\/www.messinaoggi.it\/website\/2024\/10\/20\/patente-a-crediti-seminario-dellance\/","title":{"rendered":"Patente a crediti, seminario dell&#8217;ANCE"},"content":{"rendered":"\n<p>Ance Messina, col patrocinio degli Ordini degli Architetti, degli Ingegneri, dei Consulenti del Lavoro del Collegio dei Geometri e della Fondazione Architetti nel Mediterraneo, ha organizzato, luned\u00ec 21 ottobre 2024, un seminario formativo e informativo che riguarda la ormai prossima entrata a regime (dal 1 novembre 2024) della patente a crediti, un tema fortemente sentito da una parte significativa della filiera dell\u2019edilizia, composta da tutte le figure imprenditoriali e professionali impegnate nei cantieri temporanei o mobili, ad esclusione di coloro che effettuano mere forniture o prestazioni di natura intellettuale.<div id=\"div-gpt-ad-Messinaoggi.it-DSK-300x250-corpoart\" style=\"text-align:center;margin:0 auto;\"><\/div><\/p>\n\n\n\n<p>Il seminario si svolger\u00e0, luned\u00ec prossimo, dalle 9 alle 13, presso l\u2019Auditorium degli Enti Bilaterali dell\u2019Edilizia in via Alessandro Volta 12, nella ex ZIR di Messina, sede di Cassa Edile, Opt (nato dall\u2019accorpamento di Ente Scuola e Ente Sicurezza Edile) e dell\u2019Ance, la rappresentanza territoriale dell\u2019associazione nazionale costruttori edili.<div id=\"videoincontent\" style=\"clear:both\";><\/div><\/p>\n\n\n\n<p>Dopo i saluti di S.E. il prefetto di Messina Cosima Di Stani, da sempre in prima linea nella diffusione della cultura della sicurezza nei cantieri, il seminario sar\u00e0 introdotto dal presidente di Ance Messina Giuseppe Ricciardello, con gli interventi dei presidenti degli Ordini patrocinanti. Sar\u00e0 presente anche il segretario generale nazionale della Filca Cisl Enzo Pelle, che porter\u00e0 il punto di vista di uno dei rappresentanti sindacali partecipanti al tavolo di confronto da cui \u00e8 scaturita la legge. Stessa esperienza vissuta dai due relatori previsti nel seminario, l\u2019avv. Giuseppe Zuccaro capo dell\u2019ufficio legislativo del Ministero del lavoro e delle politiche sociali che parler\u00e0 de &#8220;La patente a crediti: primo passo per un sistema di qualificazione in edilizia&#8221; e la dott.ssa Beatrice Sassi Direttore Relazioni Industriali e Affari Sociali Ance che interverr\u00e0 su &#8220;La patente a crediti tra norme di legge e disposizioni amministrative&#8221;.<\/p>\n\n\n\n<p>Quindi, spazio al dibattito, moderato dalla giornalista Rossana Franzone, con la partecipazione, gi\u00e0 confermata, di tutti gli enti coinvolti nel processo di informazione, formazione, applicazione e verifica costruito dal sistema delle leggi sulla sicurezza (Inps, Inail, Ispettorato del Lavoro, Spresal, Vigili del Fuoco, Forze dell\u2019Ordine), delle organizzazioni sindacali, delle imprese, delle istituzioni scolastiche e universitarie, degli enti appaltanti e dei professionisti presenti, che potranno prenotare il proprio intervento al momento della registrazione.<\/p>\n","protected":false},"excerpt":{"rendered":"<p>Ance Messina, col patrocinio degli Ordini degli Architetti, degli Ingegneri, dei Consulenti del Lavoro del Collegio dei Geometri e della Fondazione Architetti nel Mediterraneo, ha organizzato, luned\u00ec 21 ottobre 2024, un seminario formativo e informativo che riguarda la ormai prossima entrata a regime (dal 1 novembre 2024) della patente a crediti, un tema fortemente sentito [&hellip;]<\/p>\n","protected":false},"author":2,"featured_media":23214,"comment_status":"open","ping_status":"open","sticky":false,"template":"","format":"standard","meta":{"ub_ctt_via":"","_mi_skip_tracking":false},"categories":[5],"tags":[2026],"featured_image_src":"https:\/\/www.messinaoggi.it\/website\/wp-content\/uploads\/2018\/08\/segnali-stradali-cantiere-lavori-1.jpg","author_info":{"display_name":"Redazione","author_link":"https:\/\/www.messinaoggi.it\/website\/author\/redazione\/"},"digistream_id":0,"digistream":false,"_links":{"self":[{"href":"https:\/\/www.messinaoggi.it\/website\/wp-json\/wp\/v2\/posts\/215320"}],"collection":[{"href":"https:\/\/www.messinaoggi.it\/website\/wp-json\/wp\/v2\/posts"}],"about":[{"href":"https:\/\/www.messinaoggi.it\/website\/wp-json\/wp\/v2\/types\/post"}],"author":[{"embeddable":true,"href":"https:\/\/www.messinaoggi.it\/website\/wp-json\/wp\/v2\/users\/2"}],"replies":[{"embeddable":true,"href":"https:\/\/www.messinaoggi.it\/website\/wp-json\/wp\/v2\/comments?post=215320"}],"version-history":[{"count":1,"href":"https:\/\/www.messinaoggi.it\/website\/wp-json\/wp\/v2\/posts\/215320\/revisions"}],"predecessor-version":[{"id":215321,"href":"https:\/\/www.messinaoggi.it\/website\/wp-json\/wp\/v2\/posts\/215320\/revisions\/215321"}],"wp:featuredmedia":[{"embeddable":true,"href":"https:\/\/www.messinaoggi.it\/website\/wp-json\/wp\/v2\/media\/23214"}],"wp:attachment":[{"href":"https:\/\/www.messinaoggi.it\/website\/wp-json\/wp\/v2\/media?parent=215320"}],"wp:term":[{"taxonomy":"category","embeddable":true,"href":"https:\/\/www.messinaoggi.it\/website\/wp-json\/wp\/v2\/categories?post=215320"},{"taxonomy":"post_tag","embeddable":true,"href":"https:\/\/www.messinaoggi.it\/website\/wp-json\/wp\/v2\/tags?post=215320"}],"curies":[{"name":"wp","href":"https:\/\/api.w.org\/{rel}","templated":true}]}}