{"id":21526,"date":"2018-07-05T09:40:10","date_gmt":"2018-07-05T07:40:10","guid":{"rendered":"http:\/\/www.messinaoggi.it\/website\/?p=21526"},"modified":"2018-07-05T09:40:10","modified_gmt":"2018-07-05T07:40:10","slug":"incontri-e-polemiche-cosa-attendera-de-luca-al-suo-ritorno","status":"publish","type":"post","link":"https:\/\/www.messinaoggi.it\/website\/2018\/07\/05\/incontri-e-polemiche-cosa-attendera-de-luca-al-suo-ritorno\/","title":{"rendered":"Incontri e polemiche: cosa attender\u00e0 De Luca al suo ritorno"},"content":{"rendered":"<p>La quiete prima della tempesta. Cateno De Luca si gode qualche giorno di riposo in compagnia della moglie e dei figli, cos\u00ec come annunciato nel giorno dell\u2019insediamento da sindaco Metropolitano. Il primo cittadino ha annunciato di essere partito alla volta di Stromboli, dove rester\u00e0 fino a domenica, giusto il tempo di ricaricare le pile per affrontare i primi casi creati dalla sua azione amministrativa.<br \/>\nIl primo cittadino dovr\u00e0 giocare su due tavoli, quello politico e quello sindacale, perch\u00e9 l\u2019apertura a i privati di Messina Servizi Bene Comune e la liquidazione di Atm e Amam per arrivare alla Multiservizi (ma anche qui non sono esclusi colpi di scena), necessitano di questo doppio confronto. E\u2019 inutile negare che il fronte sindacale \u00e8 gi\u00e0 molto caldo, de Luca ha bloccato tutti gli atti relativi agli ultimi 45 giorni, comprese quelle assunzioni che avrebbero permesso di ampliare il parco dipendenti dell\u2019Atm. Qualsiasi sindaco subentrante vorrebbe vederci chiaro, e in caso intervenire, in tutti gli atti disposti durante il periodo della campagna elettorale.<br \/>\nLe parti sociali sono per\u00f2 su tutte le furie, secondo loro il blocco delle assunzioni di questi nuovi autisti pu\u00f2 provocare danni al servizio, cos\u00ec la messa in stato d\u2019agitazione \u00e8 diventato un atto consequenziale. Questa dovrebbe essere la principale gatta da pelare che attender\u00e0 De Luca al rientro, senza dimenticare il nodo legato alla privatizzazione della Messina Servizi Bene Comune. Anche se apparentemente i toni usati dalle parti sociali \u00a0in questo caso appaiono pi\u00f9 morbidi, non dovrebbe passare molto tempo prima che si arrivi al muro contro muro, nonostante le ripetute rassicurazioni da parte dell\u2019amministrazione sulla salvaguardia dei posti di lavoro.<br \/>\ndalla prossima settimana dovrebbero iniziare i confronti per capire nello specifico quali saranno gli atti posti in essere dalla Giunta, che per\u00f2 dovr\u00e0 rendere conto anche al Consiglio Comunale che torner\u00e0 a riunirsi giorno 10. Verso De Luca c\u2019\u00e8 stata grande disponibilit\u00e0, soprattutto dai banchi del centrosinistra, che per\u00f2 potrebbe diventare particolarmente restio davanti all\u2019ipotesi di un\u2019apertura ai privati nell\u2019ambito della gestione dei rifiuti.<div id=\"div-gpt-ad-Messinaoggi.it-DSK-300x250-corpoart\" style=\"text-align:center;margin:0 auto;\"><\/div><\/p>\n<div id=\"videoincontent\" style=\"clear:both\";><\/div>","protected":false},"excerpt":{"rendered":"<p>La quiete prima della tempesta. Cateno De Luca si gode qualche giorno di riposo in compagnia della moglie e dei figli, cos\u00ec come annunciato nel giorno dell\u2019insediamento da sindaco Metropolitano. Il primo cittadino ha annunciato di essere partito alla volta di Stromboli, dove rester\u00e0 fino a domenica, giusto il tempo di ricaricare le pile per [&hellip;]<\/p>\n","protected":false},"author":14,"featured_media":21527,"comment_status":"closed","ping_status":"open","sticky":false,"template":"","format":"standard","meta":{"ub_ctt_via":"","_mi_skip_tracking":false},"categories":[6],"tags":[],"featured_image_src":"https:\/\/www.messinaoggi.it\/website\/wp-content\/uploads\/2018\/07\/de-luca-2-1.jpg","author_info":{"display_name":"Antonio Macauda","author_link":"https:\/\/www.messinaoggi.it\/website\/author\/a-macauda\/"},"digistream_id":0,"digistream":false,"_links":{"self":[{"href":"https:\/\/www.messinaoggi.it\/website\/wp-json\/wp\/v2\/posts\/21526"}],"collection":[{"href":"https:\/\/www.messinaoggi.it\/website\/wp-json\/wp\/v2\/posts"}],"about":[{"href":"https:\/\/www.messinaoggi.it\/website\/wp-json\/wp\/v2\/types\/post"}],"author":[{"embeddable":true,"href":"https:\/\/www.messinaoggi.it\/website\/wp-json\/wp\/v2\/users\/14"}],"replies":[{"embeddable":true,"href":"https:\/\/www.messinaoggi.it\/website\/wp-json\/wp\/v2\/comments?post=21526"}],"version-history":[{"count":0,"href":"https:\/\/www.messinaoggi.it\/website\/wp-json\/wp\/v2\/posts\/21526\/revisions"}],"wp:featuredmedia":[{"embeddable":true,"href":"https:\/\/www.messinaoggi.it\/website\/wp-json\/wp\/v2\/media\/21527"}],"wp:attachment":[{"href":"https:\/\/www.messinaoggi.it\/website\/wp-json\/wp\/v2\/media?parent=21526"}],"wp:term":[{"taxonomy":"category","embeddable":true,"href":"https:\/\/www.messinaoggi.it\/website\/wp-json\/wp\/v2\/categories?post=21526"},{"taxonomy":"post_tag","embeddable":true,"href":"https:\/\/www.messinaoggi.it\/website\/wp-json\/wp\/v2\/tags?post=21526"}],"curies":[{"name":"wp","href":"https:\/\/api.w.org\/{rel}","templated":true}]}}