{"id":21519,"date":"2018-07-04T23:37:56","date_gmt":"2018-07-04T21:37:56","guid":{"rendered":"http:\/\/www.messinaoggi.it\/website\/?p=21519"},"modified":"2018-07-04T23:37:56","modified_gmt":"2018-07-04T21:37:56","slug":"de-luca-sospende-assunzioni-atm-sindacati-sul-piede-di-guerra-lavoratori-in-stato-dagitazione","status":"publish","type":"post","link":"https:\/\/www.messinaoggi.it\/website\/2018\/07\/04\/de-luca-sospende-assunzioni-atm-sindacati-sul-piede-di-guerra-lavoratori-in-stato-dagitazione\/","title":{"rendered":"De Luca sospende assunzioni Atm, sindacati sul piede di guerra: &quot;Lavoratori in stato d&#039;agitazione&quot;"},"content":{"rendered":"<p>Uiltrasporti, Fit Cisl e Filt Cgil hanno attivato le procedure di raffreddamento del personale in attesa di un incontro con la governance Atm per capire quali sono state le decisioni prese con la nuova amministrazione sulle assunzioni dei 75 autisti. Resta a rischio il servizio pubblico.<br \/>\n&#8220;Quasi una settimana fa il sindaco Cateno De Luca ha bloccato le procedure di assunzione degli autisti in Atm, chiedendo al Direttore generale di sospendere ogni iter in attesa di un confronto tra nuova amministrazione e azienda. Nel frattempo effettivamente vi \u00e8 stato un primo faccia a faccia tra il Direttore Daniele De Almagro e l\u2019assessore alla Mobilit\u00e0 Salvatore Mondello che si \u00e8 tenuto lo scorso luned\u00ec. Ad oggi per\u00f2 non ci sono stati sviluppi, le assunzioni sono rimaste sospese e per l\u2019Atm continua a profilarsi un serio rischio per il servizio di trasporto pubblico che, stando agli attuali numeri, non potr\u00e0 essere garantito senza i nuovi autisti che dovevano essere assunti gi\u00e0 in queste settimane. L\u2019allarme \u00e8 sempre dei sindacati che gi\u00e0 nei giorni scorsi avevano immediatamente acceso i riflettori sui rischi che potrebbero scaturire dai primi provvedimenti del sindaco De Luca sulle partecipate e in questo caso specifico sull\u2019Atm&#8221;.<br \/>\nUiltrasporti, Fit Cisl e Filt Cgil sono pronti alla mobilitazione e annunciano lo stato di agitazione del personale con una nota inviata all\u2019Atm, al sindaco e all\u2019assessore alla Mobilit\u00e0, al Prefetto e alla Commissione di Garanzia sugli scioperi. \u00abChiediamo a distanza di diversi giorni dall&#8217;incontro richiesto quali siano ad oggi le determinazioni sul bando di concorso gi\u00e0 espletato per il reclutamento di 75 autisti tramite agenzia interinale. Ribadiamo la necessit\u00e0 di uscire dal precariato e della stabilizzazione della forza lavoro e la necessit\u00e0 di procedere in tempi brevi ad un bando ad evidenza pubblica per assunzioni a tempo indeterminato anche alla luce delle recenti novit\u00e0 legislative appena emanate dal nuovo governo tese a limitare l&#8217;uso eccessivo del lavoro a tempo determinato anche nel pubblico impiego e nelle societ\u00e0 partecipate. La grave carenza di personale autista tuttavia impone l&#8217;immediata immissione di nuove risorse e la conferma di quelle gi\u00e0 in opera , pertanto la via pare obbligata e si sollecita un immediato riscontro in merito alle intenzioni dell\u2019Atm e dell&#8217;amministrazione comunale\u00bb.<br \/>\nI segretari aziendali di Uiltrasporti, Fit Cisl FIlt Cgil, Paolo Frigione, Sebastiano Bonafede e Massimiliano Parisi, ricordano che i tre sindacati hanno gi\u00e0 responsabilmente sospeso per il mese di giugno la turnazione delle ferie estive e per nessun motivo, nonch\u00e9 a norma di legge \u00e8 da contratto, si pu\u00f2 pensare di non far fruire le ferie agli autisti in servizi. \u00ab\u00c8 chiaro che mettere improvvisamente l&#8217;azienda nelle condizioni di avere una carenza di oltre 100 autisti porta alla soppressione di numerose corse e linee cittadine con grave disagio al servizio reso all&#8217;utenza di cui ognuno si assumer\u00e0 le\u00a0 proprie responsabilit\u00e0. Diffidiamo l\u2019azienda a porre in essere volumi di lavoro straordinario superiori a quelli previsti da legge e\/o sospendere la fruizione delle ferie estive obbligatorie al personale autista\u00bb.<br \/>\nUiltrasporti, Fit Cisl e FIlt Cgil restano in attesa di un urgente incontro con l\u2019Atm per conoscere quali decisioni sono state assunte sul bando per i 75 autisti e per capire quali saranno le eventuali determinazioni per garantire il servizio pubblico di trasporto in citt\u00e0, ma attivano le procedure di raffreddamento del personale Atm Messina in osservanza delle normative in materia di sciopero bei servizi pubblici.<div id=\"div-gpt-ad-Messinaoggi.it-DSK-300x250-corpoart\" style=\"text-align:center;margin:0 auto;\"><\/div><\/p>\n<div id=\"videoincontent\" style=\"clear:both\";><\/div>","protected":false},"excerpt":{"rendered":"<p>Uiltrasporti, Fit Cisl e Filt Cgil hanno attivato le procedure di raffreddamento del personale in attesa di un incontro con la governance Atm per capire quali sono state le decisioni prese con la nuova amministrazione sulle assunzioni dei 75 autisti. Resta a rischio il servizio pubblico. &#8220;Quasi una settimana fa il sindaco Cateno De Luca [&hellip;]<\/p>\n","protected":false},"author":15,"featured_media":2059,"comment_status":"closed","ping_status":"open","sticky":false,"template":"","format":"standard","meta":{"ub_ctt_via":"","_mi_skip_tracking":false},"categories":[4],"tags":[],"featured_image_src":"https:\/\/www.messinaoggi.it\/website\/wp-content\/uploads\/2017\/06\/Bus-Atm-da-Cavallotti-messinaoggi-2.jpg","author_info":{"display_name":"red.me","author_link":"https:\/\/www.messinaoggi.it\/website\/author\/red-me\/"},"digistream_id":0,"digistream":false,"_links":{"self":[{"href":"https:\/\/www.messinaoggi.it\/website\/wp-json\/wp\/v2\/posts\/21519"}],"collection":[{"href":"https:\/\/www.messinaoggi.it\/website\/wp-json\/wp\/v2\/posts"}],"about":[{"href":"https:\/\/www.messinaoggi.it\/website\/wp-json\/wp\/v2\/types\/post"}],"author":[{"embeddable":true,"href":"https:\/\/www.messinaoggi.it\/website\/wp-json\/wp\/v2\/users\/15"}],"replies":[{"embeddable":true,"href":"https:\/\/www.messinaoggi.it\/website\/wp-json\/wp\/v2\/comments?post=21519"}],"version-history":[{"count":0,"href":"https:\/\/www.messinaoggi.it\/website\/wp-json\/wp\/v2\/posts\/21519\/revisions"}],"wp:featuredmedia":[{"embeddable":true,"href":"https:\/\/www.messinaoggi.it\/website\/wp-json\/wp\/v2\/media\/2059"}],"wp:attachment":[{"href":"https:\/\/www.messinaoggi.it\/website\/wp-json\/wp\/v2\/media?parent=21519"}],"wp:term":[{"taxonomy":"category","embeddable":true,"href":"https:\/\/www.messinaoggi.it\/website\/wp-json\/wp\/v2\/categories?post=21519"},{"taxonomy":"post_tag","embeddable":true,"href":"https:\/\/www.messinaoggi.it\/website\/wp-json\/wp\/v2\/tags?post=21519"}],"curies":[{"name":"wp","href":"https:\/\/api.w.org\/{rel}","templated":true}]}}