{"id":215061,"date":"2024-10-18T12:08:45","date_gmt":"2024-10-18T10:08:45","guid":{"rendered":"http:\/\/www.messinaoggi.it\/website\/?p=215061"},"modified":"2024-10-18T12:11:04","modified_gmt":"2024-10-18T10:11:04","slug":"messina-street-food-fest-taglio-del-nastro-per-quattro-giorni-di-gusto-e-spettacolo","status":"publish","type":"post","link":"https:\/\/www.messinaoggi.it\/website\/2024\/10\/18\/messina-street-food-fest-taglio-del-nastro-per-quattro-giorni-di-gusto-e-spettacolo\/","title":{"rendered":"Messina Street Food Fest, taglio del nastro per quattro giorni di gusto e spettacolo"},"content":{"rendered":"\n<p>Inaugurata ieri sera la VI edizione del <strong>Messina Street Food Fest<\/strong>, evento organizzato da <strong>Eventivamente<\/strong>, in partnership con il Comune di Messina e cofinanziata dall\u2019Assessorato regionale alle Attivit\u00e0 Produttive &#8211; iniziativa \u201cSicilia che piace 2024\u201d.<div id=\"div-gpt-ad-Messinaoggi.it-DSK-300x250-corpoart\" style=\"text-align:center;margin:0 auto;\"><\/div><\/p>\n\n\n\n<p>Il grande evento, quest\u2019anno, porta la magia del Circus in piazza Cairoli. Tra buon cibo da strada e gli show cooking solidali, la magia di trampolieri e musica ha intrattenuto i tantissimi messinesi presenti fino a notte. Inoltre, famiglie e bambini sono rimasti affascinati dalla novit\u00e0 2024: la mongolfiera che si trova proprio all\u2019inizio delle due aree occupate dal village del Gusto.<div id=\"videoincontent\" style=\"clear:both\";><\/div><\/p>\n\n\n\n<figure class=\"wp-block-image size-large\"><img loading=\"lazy\" width=\"1024\" height=\"682\" src=\"http:\/\/www.messinaoggi.it\/website\/wp-content\/uploads\/2024\/10\/IMG-20241018-WA0011-1024x682.jpg\" alt=\"\" class=\"wp-image-215071\" srcset=\"https:\/\/www.messinaoggi.it\/website\/wp-content\/uploads\/2024\/10\/IMG-20241018-WA0011-1024x682.jpg 1024w, https:\/\/www.messinaoggi.it\/website\/wp-content\/uploads\/2024\/10\/IMG-20241018-WA0011-300x200.jpg 300w, https:\/\/www.messinaoggi.it\/website\/wp-content\/uploads\/2024\/10\/IMG-20241018-WA0011-768x512.jpg 768w, https:\/\/www.messinaoggi.it\/website\/wp-content\/uploads\/2024\/10\/IMG-20241018-WA0011-1536x1023.jpg 1536w, https:\/\/www.messinaoggi.it\/website\/wp-content\/uploads\/2024\/10\/IMG-20241018-WA0011.jpg 1600w\" sizes=\"(max-width: 1024px) 100vw, 1024px\" \/><\/figure>\n\n\n\n<p>Al taglio del nastro erano presenti il founder e amministratore di \u2018Eventivamente\u2019, <strong>Alberto Palella<\/strong>, il vicecapo di Gabinetto della Prefettura di Messina, <strong>Cosimo Gambadauro<\/strong>, il presidente della Camera di Commercio, <strong>Ivo Blandina <\/strong>e il vicesindaco di Reggio Calabria, <strong>Carmelo Versace<\/strong>, a testimonianza della sinergia tra Messina e Reggio, che \u00e8 uno degli elementi forti e nuovi di questa edizione.<\/p>\n\n\n\n<figure class=\"wp-block-image size-large\"><img loading=\"lazy\" width=\"1024\" height=\"682\" src=\"http:\/\/www.messinaoggi.it\/website\/wp-content\/uploads\/2024\/10\/IMG-20241018-WA0013-1024x682.jpg\" alt=\"\" class=\"wp-image-215073\" srcset=\"https:\/\/www.messinaoggi.it\/website\/wp-content\/uploads\/2024\/10\/IMG-20241018-WA0013-1024x682.jpg 1024w, https:\/\/www.messinaoggi.it\/website\/wp-content\/uploads\/2024\/10\/IMG-20241018-WA0013-300x200.jpg 300w, https:\/\/www.messinaoggi.it\/website\/wp-content\/uploads\/2024\/10\/IMG-20241018-WA0013-768x512.jpg 768w, https:\/\/www.messinaoggi.it\/website\/wp-content\/uploads\/2024\/10\/IMG-20241018-WA0013-1536x1023.jpg 1536w, https:\/\/www.messinaoggi.it\/website\/wp-content\/uploads\/2024\/10\/IMG-20241018-WA0013.jpg 1600w\" sizes=\"(max-width: 1024px) 100vw, 1024px\" \/><\/figure>\n\n\n\n<p>\u201cAnche quest\u2019anno, come sempre &#8211; ha commentato il sindaco di Messina <strong>Federico Basile<\/strong>, assente per motivi sopraggiunti &#8211; abbiamo voluto supportare una manifestazione che oggi pi\u00f9 di ieri rappresenta la citt\u00e0 nelle eccellenze enogastronomiche legate alla riscoperta del territorio e delle sue tradizioni. Il Messina Street Food Fest non \u00e8 un semplice evento, ma un\u2019occasione di promozione del tessuto imprenditoriale cittadino e un momento di aggregazione culturale e culinaria\u201d.<\/p>\n\n\n\n<p>\u201cSiamo alla sesta edizione \u2013 commenta l\u2019amministratore di \u2018Eventivamente\u2019 Alberto Palella \u2013 contenti di avere creato, quest\u2019anno, un ponte del gusto tra la sponda siciliana e quella calabrese, perch\u00e9 crediamo tantissimo nelle potenzialit\u00e0 e sviluppo dell\u2019area metropolitana dello Stretto. Tra le novit\u00e0, proprio, la presenza di chef e gelatieri calabresi ai nostri show cooking, insieme ai migliori professionisti siciliani. Ricordiamo che l\u2019edizione 2024 del MSFF si caratterizza per ben 25 novit\u00e0 gastronomiche proposte esclusive dai nostri operatori nelle 53 casette. C\u2019\u00e8 tanto lavoro dietro ma il sorriso torna quando notiamo cos\u00ec tanta gente che partecipa sin dal primo giorno, contenta e con cos\u00ec tanta condivisione. Importante anche quest\u2019anno \u00e8 l\u2019impegno solidale, sosteniamo il Cirs di Messina; la Mensa di Sant\u2019Antonio e \u2018nuovi amici\u2019 l\u2019Airc. Siamo soddisfatti dell\u2019auto che possiamo dare all\u2019economia locale, non solo chi lavora dentro l\u2019evento, ma gli operatori commerciali e dell\u2019accoglienza in citt\u00e0\u201d.<\/p>\n\n\n\n<figure class=\"wp-block-image size-large\"><img loading=\"lazy\" width=\"1024\" height=\"682\" src=\"http:\/\/www.messinaoggi.it\/website\/wp-content\/uploads\/2024\/10\/IMG-20241018-WA0015-1024x682.jpg\" alt=\"\" class=\"wp-image-215075\" srcset=\"https:\/\/www.messinaoggi.it\/website\/wp-content\/uploads\/2024\/10\/IMG-20241018-WA0015-1024x682.jpg 1024w, https:\/\/www.messinaoggi.it\/website\/wp-content\/uploads\/2024\/10\/IMG-20241018-WA0015-300x200.jpg 300w, https:\/\/www.messinaoggi.it\/website\/wp-content\/uploads\/2024\/10\/IMG-20241018-WA0015-768x512.jpg 768w, https:\/\/www.messinaoggi.it\/website\/wp-content\/uploads\/2024\/10\/IMG-20241018-WA0015-1536x1023.jpg 1536w, https:\/\/www.messinaoggi.it\/website\/wp-content\/uploads\/2024\/10\/IMG-20241018-WA0015.jpg 1600w\" sizes=\"(max-width: 1024px) 100vw, 1024px\" \/><\/figure>\n\n\n\n<p>Per l\u2019assessore regionale al Turismo e Spettacolo, <strong>Elvira Amata<\/strong>: \u201cL\u2019enogastronomia per la nostra Sicilia \u00e8 un punto di forza perch\u00e9 diventi sempre pi\u00f9 attrattore e attrattiva. Queste manifestazioni, quindi, vanno supportate. Ringrazio Alberto Palella e tutta l\u2019organizzazione del MSFF, perch\u00e9 questo lavoro sinergico tra pubblico e privato ci aiuta a dare sempre pi\u00f9 un\u2019offerta turistica completa. I numeri ci dicono che stiamo lavorando bene, oltre 8 milioni di presenze (da gennaio giugno 2024), anche se dico sempre non vanno valutate le presenze, ma la qualit\u00e0 del turismo che riusciamo a portare. Sicuramente l\u2019enogastronomia ha un peso importante nel successo di questi numeri\u201d.<\/p>\n\n\n\n<figure class=\"wp-block-image size-large\"><img loading=\"lazy\" width=\"1024\" height=\"683\" src=\"http:\/\/www.messinaoggi.it\/website\/wp-content\/uploads\/2024\/10\/IMG-20241018-WA0017-1024x683.jpg\" alt=\"\" class=\"wp-image-215077\" srcset=\"https:\/\/www.messinaoggi.it\/website\/wp-content\/uploads\/2024\/10\/IMG-20241018-WA0017-1024x683.jpg 1024w, https:\/\/www.messinaoggi.it\/website\/wp-content\/uploads\/2024\/10\/IMG-20241018-WA0017-300x200.jpg 300w, https:\/\/www.messinaoggi.it\/website\/wp-content\/uploads\/2024\/10\/IMG-20241018-WA0017-768x512.jpg 768w, https:\/\/www.messinaoggi.it\/website\/wp-content\/uploads\/2024\/10\/IMG-20241018-WA0017.jpg 1280w\" sizes=\"(max-width: 1024px) 100vw, 1024px\" \/><\/figure>\n\n\n\n<p>Si \u00e8 alzato cos\u00ec il sipario sugli show cooking della settima edizione del \u201cMessina Street Fish\u201d, che mira a valorizzare il pescato locale. Ad inaugurare i fornelli della grande tendostruttura allestita professionalmente, come un vero ristorante, <strong>Martina Dodeci<\/strong> e <strong>Rushan Xhafaj<\/strong> del ristorante \u2018Demenna\u2019 di San Marco d\u2019Alunzio con il \u201cPescato mediterraneo allo stile peruano\u201d. Il piatto \u00e8 stato accompagnato dal \u201cSorbetto criogenico alla mora nera\u201d, preparato da <strong>Gaetano Vincenzidella <\/strong>di Gelateria Barbarossa e \u201cIl pirata del gelato\u201d di Villapiana Lido.<\/p>\n\n\n\n<p>Lo show cooking successivo \u00e8 stato animato invece da <strong>Giuseppe Romano<\/strong>, del Me Restaurant di Pizzo, ambasciatore del gusto e delegato regionale Calabria di EuroToques, che ha deliziato I presenti con un \u201cCremoso di zucca con calamaro scottato all\u2019nduja e crumble di liquirizia\u201d, abbinato al gelato di <strong>Davide Destefano<\/strong>, della celebre gelateria \u201cCesare\u201d di Reggio Calabria.<\/p>\n\n\n\n<p>Con i primi live in cucina \u00e8 stato inaugurato anche il cosiddetto ponte del gusto tra la Sicilia e la Calabria, in particolare tra Messina e Reggio. Sinergia sottolineata dal vicesindaco metropolitano di Reggio Calabria Carmelo Versace, presente all\u2019inaugurazione. \u201cAbbiamo gi\u00e0 iniziato ad interloquire con l\u2019organizzazione del Messina Street Food Fest- ha commentato Versace &#8211; per replicare il grande evento anche nella nostra citt\u00e0\u201d.<\/p>\n\n\n\n<p>A partire da oggi e fino a domenica 20 ottobre il Messina Street Food Fest sar\u00e0 aperto anche dalle 11.00 alle 15.00 e torner\u00e0 dalle 18.00 alle 01.00.<\/p>\n\n\n\n<figure class=\"wp-block-image size-large\"><img loading=\"lazy\" width=\"1024\" height=\"683\" src=\"http:\/\/www.messinaoggi.it\/website\/wp-content\/uploads\/2024\/10\/IMG-20241018-WA0016-1024x683.jpg\" alt=\"\" class=\"wp-image-215076\" srcset=\"https:\/\/www.messinaoggi.it\/website\/wp-content\/uploads\/2024\/10\/IMG-20241018-WA0016-1024x683.jpg 1024w, https:\/\/www.messinaoggi.it\/website\/wp-content\/uploads\/2024\/10\/IMG-20241018-WA0016-300x200.jpg 300w, https:\/\/www.messinaoggi.it\/website\/wp-content\/uploads\/2024\/10\/IMG-20241018-WA0016-768x512.jpg 768w, https:\/\/www.messinaoggi.it\/website\/wp-content\/uploads\/2024\/10\/IMG-20241018-WA0016-1536x1024.jpg 1536w, https:\/\/www.messinaoggi.it\/website\/wp-content\/uploads\/2024\/10\/IMG-20241018-WA0016.jpg 1600w\" sizes=\"(max-width: 1024px) 100vw, 1024px\" \/><\/figure>\n\n\n\n<p>Gli show cooking di oggi, venerd\u00ec 18 ottobre:<\/p>\n\n\n\n<p>Oggi in programma alle 19.00 lo show cooking dello chef Elia Russo del ristorante Dodici fontane Villa Neri Resort &amp; Spa di Linguaglossa, con il \u201cRisotto al nerello mascalese\u201d (carnaroli acquarello, Etna rosso, salsa acidula di yogurt e noci etnee), con il maestro gelatiere Mario Cortese, della Tenuta Anasita, San Filippo del Mela (ME), che proporr\u00e0 la \u201cGranita alla ricotta di bufala, polvere di cappero, capperi canditi\u201d.<\/p>\n\n\n\n<p>Alle 21.00 toccher\u00e0 allo stellato <strong>Giuseppe Causarano<\/strong>, una stella Michelin del Ristorante Vota Vota di Ragusa, che preparer\u00e0 la sua \u201cTriglia e pomodoro\u201d. Completer\u00e0 il programma <strong>Giuseppe Arena<\/strong> dell\u2019omonima gelateria messinese, che offrir\u00e0 al pubblico presente il \u201cTramonto Rosso\u201d, sorbetto con arancia rossa, melograno e mandorla di Avola. Gli show cooking sono condotti dalla giornalista e foodblogger <strong>Valeria Zingale<\/strong>; gli spettacoli da Carmen Cilione.<\/p>\n\n\n\n<p>Gli spettacoli di oggi:<\/p>\n\n\n\n<p>Alle 11.30 djset<\/p>\n\n\n\n<p>Alle 18.15 e alle 19.30 sfilata di trampolieri musicisti<\/p>\n\n\n\n<p>Alle 19.00 e alle 20.15 Joculares in \u201cDue cuori e una sinapsi\u201d<\/p>\n\n\n\n<p>Alle 19.00 djset con Jos\u00e8 dj<\/p>\n\n\n\n<p>Alle 21.30 live band \u201cLa soluzione\u201d<\/p>\n\n\n\n<p>Alle 23.30 djset con Santino Villari<\/p>\n\n\n\n<p><\/p>\n\n\n\n<p><\/p>\n\n\n\n<p><\/p>\n","protected":false},"excerpt":{"rendered":"<p>Inaugurata ieri sera la VI edizione del Messina Street Food Fest, evento organizzato da Eventivamente, in partnership con il Comune di Messina e cofinanziata dall\u2019Assessorato regionale alle Attivit\u00e0 Produttive &#8211; iniziativa \u201cSicilia che piace 2024\u201d. Il grande evento, quest\u2019anno, porta la magia del Circus in piazza Cairoli. Tra buon cibo da strada e gli show [&hellip;]<\/p>\n","protected":false},"author":15,"featured_media":215070,"comment_status":"open","ping_status":"open","sticky":false,"template":"","format":"standard","meta":{"ub_ctt_via":"","_mi_skip_tracking":false},"categories":[6,17],"tags":[21,5970,8139,5179,5730],"featured_image_src":"https:\/\/www.messinaoggi.it\/website\/wp-content\/uploads\/2024\/10\/IMG-20241018-WA0010.jpg","author_info":{"display_name":"red.me","author_link":"https:\/\/www.messinaoggi.it\/website\/author\/red-me\/"},"digistream_id":0,"digistream":false,"_links":{"self":[{"href":"https:\/\/www.messinaoggi.it\/website\/wp-json\/wp\/v2\/posts\/215061"}],"collection":[{"href":"https:\/\/www.messinaoggi.it\/website\/wp-json\/wp\/v2\/posts"}],"about":[{"href":"https:\/\/www.messinaoggi.it\/website\/wp-json\/wp\/v2\/types\/post"}],"author":[{"embeddable":true,"href":"https:\/\/www.messinaoggi.it\/website\/wp-json\/wp\/v2\/users\/15"}],"replies":[{"embeddable":true,"href":"https:\/\/www.messinaoggi.it\/website\/wp-json\/wp\/v2\/comments?post=215061"}],"version-history":[{"count":11,"href":"https:\/\/www.messinaoggi.it\/website\/wp-json\/wp\/v2\/posts\/215061\/revisions"}],"predecessor-version":[{"id":215080,"href":"https:\/\/www.messinaoggi.it\/website\/wp-json\/wp\/v2\/posts\/215061\/revisions\/215080"}],"wp:featuredmedia":[{"embeddable":true,"href":"https:\/\/www.messinaoggi.it\/website\/wp-json\/wp\/v2\/media\/215070"}],"wp:attachment":[{"href":"https:\/\/www.messinaoggi.it\/website\/wp-json\/wp\/v2\/media?parent=215061"}],"wp:term":[{"taxonomy":"category","embeddable":true,"href":"https:\/\/www.messinaoggi.it\/website\/wp-json\/wp\/v2\/categories?post=215061"},{"taxonomy":"post_tag","embeddable":true,"href":"https:\/\/www.messinaoggi.it\/website\/wp-json\/wp\/v2\/tags?post=215061"}],"curies":[{"name":"wp","href":"https:\/\/api.w.org\/{rel}","templated":true}]}}