{"id":215053,"date":"2024-10-18T11:44:58","date_gmt":"2024-10-18T09:44:58","guid":{"rendered":"http:\/\/www.messinaoggi.it\/website\/?p=215053"},"modified":"2024-10-18T11:47:53","modified_gmt":"2024-10-18T09:47:53","slug":"maltempo-in-arrivo-sicilia-in-allerta-per-tre-giorni-di-forti-piogge","status":"publish","type":"post","link":"https:\/\/www.messinaoggi.it\/website\/2024\/10\/18\/maltempo-in-arrivo-sicilia-in-allerta-per-tre-giorni-di-forti-piogge\/","title":{"rendered":"Maltempo in arrivo: Sicilia in allerta per tre giorni di forti piogge"},"content":{"rendered":"\n<p>L&#8217;autunno, dopo settimane di relativa calma, si prepara a colpire con una fase di maltempo intenso che investir\u00e0 la Sicilia e il sud Italia per almeno tre giorni. Le condizioni atmosferiche subiranno un drastico peggioramento, con il rischio concreto di fenomeni estremi e dissesti idrogeologici. Il tanto atteso arrivo della pioggia, utile per contrastare la siccit\u00e0 accumulata durante l\u2019estate prolungata, porta con s\u00e9 anche il rischio di nubifragi e alluvioni.<div id=\"div-gpt-ad-Messinaoggi.it-DSK-300x250-corpoart\" style=\"text-align:center;margin:0 auto;\"><\/div><\/p>\n\n\n\n<h2><strong>L&#8217;assetto meteorologico<\/strong><\/h2>\n\n\n\n<p>Nelle ultime settimane, la Sicilia \u00e8 stata protetta dalle alte pressioni subtropicali e azzorriane, che hanno garantito giornate soleggiate e temperature al di sopra della media stagionale. Tuttavia, l&#8217;arrivo di una saccatura atlantica ha destabilizzato questo equilibrio. Una corrente di aria fresca proveniente dall&#8217;Atlantico sta per penetrare sul Mediterraneo occidentale, contrastando con il calore accumulato nelle acque del mare e nei bassi strati atmosferici. Questo processo scatener\u00e0 forti temporali e precipitazioni abbondanti.<div id=\"videoincontent\" style=\"clear:both\";><\/div><\/p>\n\n\n\n<figure class=\"wp-block-image size-large\"><img loading=\"lazy\" width=\"653\" height=\"1024\" src=\"http:\/\/www.messinaoggi.it\/website\/wp-content\/uploads\/2024\/10\/IMG-20241018-WA0008-653x1024.jpg\" alt=\"\" class=\"wp-image-215059\" srcset=\"https:\/\/www.messinaoggi.it\/website\/wp-content\/uploads\/2024\/10\/IMG-20241018-WA0008-653x1024.jpg 653w, https:\/\/www.messinaoggi.it\/website\/wp-content\/uploads\/2024\/10\/IMG-20241018-WA0008-191x300.jpg 191w, https:\/\/www.messinaoggi.it\/website\/wp-content\/uploads\/2024\/10\/IMG-20241018-WA0008-768x1205.jpg 768w, https:\/\/www.messinaoggi.it\/website\/wp-content\/uploads\/2024\/10\/IMG-20241018-WA0008-979x1536.jpg 979w, https:\/\/www.messinaoggi.it\/website\/wp-content\/uploads\/2024\/10\/IMG-20241018-WA0008.jpg 1020w\" sizes=\"(max-width: 653px) 100vw, 653px\" \/><\/figure>\n\n\n\n<h2><strong>Previsioni dettagliate per il weekend<\/strong><\/h2>\n\n\n\n<p>Il peggioramento inizier\u00e0 sabato, quando una depressione chiusa in quota, definita &#8220;cut-off&#8221;, si posizioner\u00e0 sul Tirreno meridionale, influenzando il meteo in gran parte della Sicilia. Il cut-off, in breve, \u00e8 un fenomeno meteorologico in cui una massa d&#8217;aria fredda si stacca dal flusso principale, formando una depressione isolata. Questo provoca maltempo prolungato perch\u00e9 la bassa pressione rimane bloccata, causando piogge intense e temporali. Nel caso della Sicilia, il cut-off si posizioner\u00e0 sul Tirreno meridionale, innescando forti precipitazioni e venti di scirocco per pi\u00f9 giorni, con rischio di dissesti idrogeologici.<\/p>\n\n\n\n<p>Lo Stretto di Messina sar\u00e0 particolarmente esposto a venti di scirocco che porteranno umidit\u00e0 e favoriranno la formazione di temporali violenti. Le previsioni indicano la possibilit\u00e0 di accumuli significativi di pioggia, con punte che potrebbero raggiungere i 200-300 mm, e in casi estremi persino 400 mm in due giorni. <\/p>\n\n\n\n<p>L&#8217;Aspromonte, normalmente una barriera naturale contro i temporali provenienti da est, questa volta non riuscir\u00e0 a contenere la forza delle correnti meridionali, che favoriranno la diffusione delle precipitazioni su tutto il messinese.<\/p>\n\n\n\n<h2><strong>Rischi e allerta<\/strong><\/h2>\n\n\n\n<p>L&#8217;instabilit\u00e0 atmosferica prevista presenta un rischio elevato di eventi temporaleschi intensi, con possibilit\u00e0 di alluvioni lampo, soprattutto nelle aree gi\u00e0 vulnerabili al dissesto idrogeologico. Le proiezioni modellistiche, come i dati forniti dai modelli meteorologici LAMMA, suggeriscono che il maltempo potrebbe estendersi anche alla costa tirrenica, con temporali che potrebbero spingersi oltre le aree solitamente meno colpite. Non si escludono fenomeni temporaleschi a struttura V-Shaped, caratterizzati da una lunga persistenza e da precipitazioni concentrate in breve tempo, che potrebbero aggravare ulteriormente la situazione.<\/p>\n\n\n\n<h2><strong>Domenica di tregua?<\/strong><\/h2>\n\n\n\n<p>La giornata di domenica dovrebbe vedere un parziale rallentamento delle precipitazioni sul messinese, con il centro della depressione che si sposter\u00e0 verso il palermitano. Tuttavia, la Calabria ionica continuer\u00e0 a essere flagellata da forti temporali, con accumuli che potrebbero superare i 450-500 mm in alcune zone.<\/p>\n\n\n\n<h2><strong>Venti e mari<\/strong><\/h2>\n\n\n\n<p>Il maltempo sar\u00e0 accompagnato da venti burrascosi dai quadranti meridionali, con raffiche di scirocco che potrebbero raggiungere velocit\u00e0 di 90 km\/h. Il mar Ionio sar\u00e0 molto mosso, mentre il Tirreno, pi\u00f9 protetto, sar\u00e0 generalmente calmo lungo le coste.<\/p>\n\n\n\n<h2><strong>Uno sguardo alla prossima settimana<\/strong><\/h2>\n\n\n\n<p>Le proiezioni a medio termine non sono confortanti: l&#8217;instabilit\u00e0 potrebbe protrarsi anche nei giorni successivi, con nuove perturbazioni in arrivo a inizio settimana. Dopo un autunno insolitamente mite, sembra che la stagione stia mostrando il suo volto pi\u00f9 severo.<\/p>\n\n\n\n<p>Le informazioni di questo articolo sono tratte dalle ricerche in ambito meteorologico realizzate da <strong>Alessio Campobello.<\/strong> <\/p>\n","protected":false},"excerpt":{"rendered":"<p>L&#8217;autunno, dopo settimane di relativa calma, si prepara a colpire con una fase di maltempo intenso che investir\u00e0 la Sicilia e il sud Italia per almeno tre giorni. Le condizioni atmosferiche subiranno un drastico peggioramento, con il rischio concreto di fenomeni estremi e dissesti idrogeologici. Il tanto atteso arrivo della pioggia, utile per contrastare la [&hellip;]<\/p>\n","protected":false},"author":15,"featured_media":2226,"comment_status":"open","ping_status":"open","sticky":false,"template":"","format":"standard","meta":{"ub_ctt_via":"","_mi_skip_tracking":false},"categories":[5,6],"tags":[1225,1025,5618,178,6300,1224,1026],"featured_image_src":"https:\/\/www.messinaoggi.it\/website\/wp-content\/uploads\/2017\/06\/maltempo-pioggia-2.jpg","author_info":{"display_name":"red.me","author_link":"https:\/\/www.messinaoggi.it\/website\/author\/red-me\/"},"digistream_id":0,"digistream":false,"_links":{"self":[{"href":"https:\/\/www.messinaoggi.it\/website\/wp-json\/wp\/v2\/posts\/215053"}],"collection":[{"href":"https:\/\/www.messinaoggi.it\/website\/wp-json\/wp\/v2\/posts"}],"about":[{"href":"https:\/\/www.messinaoggi.it\/website\/wp-json\/wp\/v2\/types\/post"}],"author":[{"embeddable":true,"href":"https:\/\/www.messinaoggi.it\/website\/wp-json\/wp\/v2\/users\/15"}],"replies":[{"embeddable":true,"href":"https:\/\/www.messinaoggi.it\/website\/wp-json\/wp\/v2\/comments?post=215053"}],"version-history":[{"count":6,"href":"https:\/\/www.messinaoggi.it\/website\/wp-json\/wp\/v2\/posts\/215053\/revisions"}],"predecessor-version":[{"id":215060,"href":"https:\/\/www.messinaoggi.it\/website\/wp-json\/wp\/v2\/posts\/215053\/revisions\/215060"}],"wp:featuredmedia":[{"embeddable":true,"href":"https:\/\/www.messinaoggi.it\/website\/wp-json\/wp\/v2\/media\/2226"}],"wp:attachment":[{"href":"https:\/\/www.messinaoggi.it\/website\/wp-json\/wp\/v2\/media?parent=215053"}],"wp:term":[{"taxonomy":"category","embeddable":true,"href":"https:\/\/www.messinaoggi.it\/website\/wp-json\/wp\/v2\/categories?post=215053"},{"taxonomy":"post_tag","embeddable":true,"href":"https:\/\/www.messinaoggi.it\/website\/wp-json\/wp\/v2\/tags?post=215053"}],"curies":[{"name":"wp","href":"https:\/\/api.w.org\/{rel}","templated":true}]}}