{"id":215004,"date":"2024-10-18T09:48:06","date_gmt":"2024-10-18T07:48:06","guid":{"rendered":"http:\/\/www.messinaoggi.it\/website\/?p=215004"},"modified":"2024-10-18T09:48:06","modified_gmt":"2024-10-18T07:48:06","slug":"de-luca-tenta-di-uscire-dallisolamento-politico","status":"publish","type":"post","link":"https:\/\/www.messinaoggi.it\/website\/2024\/10\/18\/de-luca-tenta-di-uscire-dallisolamento-politico\/","title":{"rendered":"De Luca tenta di uscire dall&#8217;isolamento politico"},"content":{"rendered":"\n<p>Pur di non rimanere isolato e fare l&#8217;eterno primo di un partito di opposizione stringendo un pugno di mosche in mano, Cateno De Luca \u00e8 disposto a sedersi attorno ad un tavolo con chi ha sempre vilipeso e pesantemente insultato.<div id=\"div-gpt-ad-Messinaoggi.it-DSK-300x250-corpoart\" style=\"text-align:center;margin:0 auto;\"><\/div><\/p>\n\n\n\n<p>Il nuovo corso politico del leader di Sud chiama Nord passa da quello che pu\u00f2 essere considerato il primo vero amore politico, ovvero Raffaele Lombardo. De Luca agli albori dell&#8217;MpA era parte integrante del progetto, dopo ci fu l&#8217;allontanamento e l&#8217;ascesa di Sicilia Vera, quindi di Sud chiama Nord.<div id=\"videoincontent\" style=\"clear:both\";><\/div><\/p>\n\n\n\n<p>In mezzo ci sono stati insulti indicibili, querele e asprezza verbale sui Social. Adesso ci sarebbe il ritorno i fiamma con la possibilit\u00e0 di stringere un patto con i &#8220;ribelli&#8221; del centrodestra, che poi sono i &#8220;mammut&#8221; della politica tanto odiati da Cateno De Luca: ovvero Lombardo, Miccich\u00e8 e Lagalla.<\/p>\n\n\n\n<p>Il tentativo \u00e8 quello di allontanare l&#8217;isolamento politico di cui De Luca soffre particolarmente, anche perch\u00e8 oggi non pu\u00f2 pi\u00f9 mostrare i muscoli rappresentati da una consistente pattuglia di parlamentari regionali. Il plotoncino eletto all&#8217;ARS si \u00e8 ridotto a due deputati e mezzo, tenuto conto che Sciotto \u00e8 in rampa di lancio verso altri lidi politici.<\/p>\n\n\n\n<p>De Luca s&#8217;\u00e8 offerto al centro-destra affermando che \u00e8 disponibile ad un accordo ma non con i politici con il &#8220;catetere&#8221; (parole sue). Ma probabilmente ha cambiato idea, visto che Lombardo, Miccich\u00e8 e Lagalla appartengono proprio a quella categoria. A meno che non abbia deciso di svuotare le sacche di urina (politica)&#8230;<\/p>\n","protected":false},"excerpt":{"rendered":"<p>Pur di non rimanere isolato e fare l&#8217;eterno primo di un partito di opposizione stringendo un pugno di mosche in mano, Cateno De Luca \u00e8 disposto a sedersi attorno ad un tavolo con chi ha sempre vilipeso e pesantemente insultato. Il nuovo corso politico del leader di Sud chiama Nord passa da quello che pu\u00f2 [&hellip;]<\/p>\n","protected":false},"author":2,"featured_media":214358,"comment_status":"open","ping_status":"open","sticky":false,"template":"","format":"standard","meta":{"ub_ctt_via":"","_mi_skip_tracking":false},"categories":[19],"tags":[126,4042,3186,757,5307],"featured_image_src":"https:\/\/www.messinaoggi.it\/website\/wp-content\/uploads\/2024\/10\/462763239_8852473124797308_7618640445287590879_n.jpg","author_info":{"display_name":"Redazione","author_link":"https:\/\/www.messinaoggi.it\/website\/author\/redazione\/"},"digistream_id":0,"digistream":false,"_links":{"self":[{"href":"https:\/\/www.messinaoggi.it\/website\/wp-json\/wp\/v2\/posts\/215004"}],"collection":[{"href":"https:\/\/www.messinaoggi.it\/website\/wp-json\/wp\/v2\/posts"}],"about":[{"href":"https:\/\/www.messinaoggi.it\/website\/wp-json\/wp\/v2\/types\/post"}],"author":[{"embeddable":true,"href":"https:\/\/www.messinaoggi.it\/website\/wp-json\/wp\/v2\/users\/2"}],"replies":[{"embeddable":true,"href":"https:\/\/www.messinaoggi.it\/website\/wp-json\/wp\/v2\/comments?post=215004"}],"version-history":[{"count":1,"href":"https:\/\/www.messinaoggi.it\/website\/wp-json\/wp\/v2\/posts\/215004\/revisions"}],"predecessor-version":[{"id":215005,"href":"https:\/\/www.messinaoggi.it\/website\/wp-json\/wp\/v2\/posts\/215004\/revisions\/215005"}],"wp:featuredmedia":[{"embeddable":true,"href":"https:\/\/www.messinaoggi.it\/website\/wp-json\/wp\/v2\/media\/214358"}],"wp:attachment":[{"href":"https:\/\/www.messinaoggi.it\/website\/wp-json\/wp\/v2\/media?parent=215004"}],"wp:term":[{"taxonomy":"category","embeddable":true,"href":"https:\/\/www.messinaoggi.it\/website\/wp-json\/wp\/v2\/categories?post=215004"},{"taxonomy":"post_tag","embeddable":true,"href":"https:\/\/www.messinaoggi.it\/website\/wp-json\/wp\/v2\/tags?post=215004"}],"curies":[{"name":"wp","href":"https:\/\/api.w.org\/{rel}","templated":true}]}}