{"id":214724,"date":"2024-10-16T11:56:36","date_gmt":"2024-10-16T09:56:36","guid":{"rendered":"http:\/\/www.messinaoggi.it\/website\/?p=214724"},"modified":"2024-10-16T12:00:54","modified_gmt":"2024-10-16T10:00:54","slug":"rissa-tra-adolescenti-a-villa-dante-oteri-e-centofanti-nessuno-controlla","status":"publish","type":"post","link":"https:\/\/www.messinaoggi.it\/website\/2024\/10\/16\/rissa-tra-adolescenti-a-villa-dante-oteri-e-centofanti-nessuno-controlla\/","title":{"rendered":"Rissa tra adolescenti a Villa Dante, Oteri e Centofanti: &#8220;Nessuno controlla&#8221;"},"content":{"rendered":"\n<p>Una rissa tra adolescenti a Villa Dante ha scosso l&#8217;opinione pubblica e a porre attenzione su quanto accaduto sono i consiglieri comunali <strong>Cosimo Oteri<\/strong>, del Gruppo Misto, e <strong>Amalia Centofanti<\/strong>, di Lega Prima l&#8217;Italia. <div id=\"div-gpt-ad-Messinaoggi.it-DSK-300x250-corpoart\" style=\"text-align:center;margin:0 auto;\"><\/div><\/p>\n\n\n\n<p>&#8220;Ennesima rissa tra adolescenti a Villa Dante nell&#8217;assoluta indifferenza di chi \u00e8 chiamato a vigilare sull&#8217;incolumit\u00e0 di chi la frequenta, a partire dalle famiglie con bambini e dagli anziani&#8221; esordiscono preoccupati due consiglieri, dopo aver ricevuto la segnalazione di &#8220;un grave episodio, l&#8217;ultimo di una lunga serie, che chiedono la presenza fissa di almeno una pattuglia della Polizia Municipale durante gli orari di apertura del parco&#8221;.<div id=\"videoincontent\" style=\"clear:both\";><\/div><\/p>\n\n\n\n<p>\u201cGi\u00e0 il 7 agosto scorso &#8211; ricordano Centofanti e Oteri &#8211; abbiamo inviato una nota alla stampa che chiamava in causa la Messina Social City e la sua presidente Valeria Asquini, segnalando lo stato di degrado di Villa Dante dovuto all&#8217;assenza di vigilanza. Assenza che trasforma un importante spazio verde nella zona sud della citt\u00e0 nel regno di vandali e teppisti. L&#8217;episodio vergognoso e gravissimo immortalato nel video allegato a questo comunicato &#8211; incalzano i due consiglieri dell&#8217;opposizione &#8211; \u00e8 stato girato a pochi passi da bimbi che giocavano e anziani che usufruiscono, finch\u00e9 il tempo lo consente, di una delle pochissime aree nelle quali svagarsi. \u00c8 inaccettabile che la loro incolumit\u00e0 sia messa a rischio dalla violenza dei gruppi di ragazzi che di fatto \u201coccupano\u201d Villa Dante, certi dell&#8217;assenza di qualsiasi controllo, vista l&#8217;assenza dei Vigili Urbani. Mi auguro che la gravit\u00e0 di quanto successo ieri apra gli occhi all&#8217;amministrazione Basile, alla Polizia Municipale (la delega della quale fino a pochi giorni fa \u00e8 stata del sindaco mentre adesso la competenza \u00e8 dell&#8217;assessore Cicala) e alla dirigenza della MSC e che si assumano provvedimenti immediati per garantire l&#8217;incolumit\u00e0 e la serenit\u00e0 di chi ha il diritto di frequentare questo parco senza paura\u201d.<\/p>\n","protected":false},"excerpt":{"rendered":"<p>Una rissa tra adolescenti a Villa Dante ha scosso l&#8217;opinione pubblica e a porre attenzione su quanto accaduto sono i consiglieri comunali Cosimo Oteri, del Gruppo Misto, e Amalia Centofanti, di Lega Prima l&#8217;Italia. &#8220;Ennesima rissa tra adolescenti a Villa Dante nell&#8217;assoluta indifferenza di chi \u00e8 chiamato a vigilare sull&#8217;incolumit\u00e0 di chi la frequenta, a [&hellip;]<\/p>\n","protected":false},"author":15,"featured_media":214729,"comment_status":"open","ping_status":"open","sticky":false,"template":"","format":"standard","meta":{"ub_ctt_via":"","_mi_skip_tracking":false},"categories":[5,6],"tags":[6489,5689,5984,657,1958,916],"featured_image_src":"https:\/\/www.messinaoggi.it\/website\/wp-content\/uploads\/2024\/10\/Screenshot_20241016_115459_Gallery.jpg","author_info":{"display_name":"red.me","author_link":"https:\/\/www.messinaoggi.it\/website\/author\/red-me\/"},"digistream_id":0,"digistream":false,"_links":{"self":[{"href":"https:\/\/www.messinaoggi.it\/website\/wp-json\/wp\/v2\/posts\/214724"}],"collection":[{"href":"https:\/\/www.messinaoggi.it\/website\/wp-json\/wp\/v2\/posts"}],"about":[{"href":"https:\/\/www.messinaoggi.it\/website\/wp-json\/wp\/v2\/types\/post"}],"author":[{"embeddable":true,"href":"https:\/\/www.messinaoggi.it\/website\/wp-json\/wp\/v2\/users\/15"}],"replies":[{"embeddable":true,"href":"https:\/\/www.messinaoggi.it\/website\/wp-json\/wp\/v2\/comments?post=214724"}],"version-history":[{"count":4,"href":"https:\/\/www.messinaoggi.it\/website\/wp-json\/wp\/v2\/posts\/214724\/revisions"}],"predecessor-version":[{"id":214728,"href":"https:\/\/www.messinaoggi.it\/website\/wp-json\/wp\/v2\/posts\/214724\/revisions\/214728"}],"wp:featuredmedia":[{"embeddable":true,"href":"https:\/\/www.messinaoggi.it\/website\/wp-json\/wp\/v2\/media\/214729"}],"wp:attachment":[{"href":"https:\/\/www.messinaoggi.it\/website\/wp-json\/wp\/v2\/media?parent=214724"}],"wp:term":[{"taxonomy":"category","embeddable":true,"href":"https:\/\/www.messinaoggi.it\/website\/wp-json\/wp\/v2\/categories?post=214724"},{"taxonomy":"post_tag","embeddable":true,"href":"https:\/\/www.messinaoggi.it\/website\/wp-json\/wp\/v2\/tags?post=214724"}],"curies":[{"name":"wp","href":"https:\/\/api.w.org\/{rel}","templated":true}]}}