{"id":214656,"date":"2024-10-16T08:07:22","date_gmt":"2024-10-16T06:07:22","guid":{"rendered":"http:\/\/www.messinaoggi.it\/website\/?p=214656"},"modified":"2024-10-16T11:09:44","modified_gmt":"2024-10-16T09:09:44","slug":"ponte-sullo-stretto-ciucci-osservazioni-generiche","status":"publish","type":"post","link":"https:\/\/www.messinaoggi.it\/website\/2024\/10\/16\/ponte-sullo-stretto-ciucci-osservazioni-generiche\/","title":{"rendered":"Ponte sullo Stretto, Ciucci: &#8220;Osservazioni generiche&#8221;"},"content":{"rendered":"\n<p>\u201cLe osservazioni emerse sui media presentate dalle associazioni Ambientaliste e dai comitati contrari al ponte sullo Stretto, sono ancora una volta generiche, non circostanziate e non documentate \u2013 dichiara l\u2019Ad della Stretto di Messina <strong>Pietro Ciucci<\/strong>. La documentazione predisposta dalla Stretto di Messina, per rispondere alle integrazioni richieste dal MASE sul progetto definitivo del ponte, \u00e8 al contrario di quanto affermato, il risultato di un lavoro molto approfondito che ha coinvolto un gruppo di progettazione multidisciplinare costituito da societ\u00e0, professionisti e professori universitari di primaria rilevanza, in ambito nazionale e internazionale. L\u2019ambiente, la salute pubblica, il rispetto per la biodiversit\u00e0 sono priorit\u00e0 al centro del nostro progetto. Affermare, poi che il ponte \u00e8 un \u2018progetto ideologico, voluto politicamente, indipendentemente dalla sua utilit\u00e0 e realizzabilit\u00e0\u2019 \u00e8 una mancanza di rispetto nei confronti del Parlamento e del Governo che hanno confermato la valenza strategica del ponte destinando importanti risorse per la sua realizzazione\u201d. <div id=\"div-gpt-ad-Messinaoggi.it-DSK-300x250-corpoart\" style=\"text-align:center;margin:0 auto;\"><\/div><\/p>\n<div id=\"videoincontent\" style=\"clear:both\";><\/div>","protected":false},"excerpt":{"rendered":"<p>\u201cLe osservazioni emerse sui media presentate dalle associazioni Ambientaliste e dai comitati contrari al ponte sullo Stretto, sono ancora una volta generiche, non circostanziate e non documentate \u2013 dichiara l\u2019Ad della Stretto di Messina Pietro Ciucci. La documentazione predisposta dalla Stretto di Messina, per rispondere alle integrazioni richieste dal MASE sul progetto definitivo del ponte, [&hellip;]<\/p>\n","protected":false},"author":2,"featured_media":193922,"comment_status":"open","ping_status":"open","sticky":false,"template":"","format":"standard","meta":{"ub_ctt_via":"","_mi_skip_tracking":false},"categories":[5],"tags":[10622,8034,630],"featured_image_src":"https:\/\/www.messinaoggi.it\/website\/wp-content\/uploads\/2024\/04\/Nino-Germana-e-Pietro-Ciucci.jpg","author_info":{"display_name":"Redazione","author_link":"https:\/\/www.messinaoggi.it\/website\/author\/redazione\/"},"digistream_id":0,"digistream":false,"_links":{"self":[{"href":"https:\/\/www.messinaoggi.it\/website\/wp-json\/wp\/v2\/posts\/214656"}],"collection":[{"href":"https:\/\/www.messinaoggi.it\/website\/wp-json\/wp\/v2\/posts"}],"about":[{"href":"https:\/\/www.messinaoggi.it\/website\/wp-json\/wp\/v2\/types\/post"}],"author":[{"embeddable":true,"href":"https:\/\/www.messinaoggi.it\/website\/wp-json\/wp\/v2\/users\/2"}],"replies":[{"embeddable":true,"href":"https:\/\/www.messinaoggi.it\/website\/wp-json\/wp\/v2\/comments?post=214656"}],"version-history":[{"count":1,"href":"https:\/\/www.messinaoggi.it\/website\/wp-json\/wp\/v2\/posts\/214656\/revisions"}],"predecessor-version":[{"id":214657,"href":"https:\/\/www.messinaoggi.it\/website\/wp-json\/wp\/v2\/posts\/214656\/revisions\/214657"}],"wp:featuredmedia":[{"embeddable":true,"href":"https:\/\/www.messinaoggi.it\/website\/wp-json\/wp\/v2\/media\/193922"}],"wp:attachment":[{"href":"https:\/\/www.messinaoggi.it\/website\/wp-json\/wp\/v2\/media?parent=214656"}],"wp:term":[{"taxonomy":"category","embeddable":true,"href":"https:\/\/www.messinaoggi.it\/website\/wp-json\/wp\/v2\/categories?post=214656"},{"taxonomy":"post_tag","embeddable":true,"href":"https:\/\/www.messinaoggi.it\/website\/wp-json\/wp\/v2\/tags?post=214656"}],"curies":[{"name":"wp","href":"https:\/\/api.w.org\/{rel}","templated":true}]}}