{"id":214648,"date":"2024-10-16T00:05:40","date_gmt":"2024-10-15T22:05:40","guid":{"rendered":"https:\/\/www.messinaoggi.it\/website\/2024\/10\/16\/manovra-meloni-al-centro-rilancio-nazione-non-ci-saranno-nuove-tasse\/"},"modified":"2024-10-16T08:02:36","modified_gmt":"2024-10-16T06:02:36","slug":"manovra-meloni-al-centro-rilancio-nazione-non-ci-saranno-nuove-tasse","status":"publish","type":"post","link":"https:\/\/www.messinaoggi.it\/website\/2024\/10\/16\/manovra-meloni-al-centro-rilancio-nazione-non-ci-saranno-nuove-tasse\/","title":{"rendered":"Manovra, Meloni \u201cAl centro rilancio Nazione, non ci saranno nuove tasse\u201d"},"content":{"rendered":"<div>ROMA (ITALPRESS) &#8211; &#8220;Oggi, in Consiglio dei Ministri, abbiamo varato la legge di bilancio, un intervento che mette al centro i cittadini, le famiglie e il rilancio della nostra Nazione. Come avevamo promesso, non ci saranno nuove tasse per i cittadini. Inoltre, rendiamo strutturale il taglio delle tasse sui lavoratori, e 3,5 miliardi provenienti da banche e assicurazioni saranno destinati alla Sanit\u00e0 e ai pi\u00f9 fragili per garantire servizi migliori e pi\u00f9 vicini alle esigenze di tutti. Con questo Governo, l&#8217;Italia guarda al futuro con una legge di bilancio che mette al primo posto il lavoro e il benessere degli italiani&#8221;. Lo scrive su X il Presidente del Consiglio Giorgia Meloni al termine del CdM che ha varato la legge di bilancio per il 2025.<div id=\"div-gpt-ad-Messinaoggi.it-DSK-300x250-corpoart\" style=\"text-align:center;margin:0 auto;\"><\/div><\/p>\n<p>Foto: Agenzia Fotogramma<div id=\"videoincontent\" style=\"clear:both\";><\/div><\/p>\n<p>(ITALPRESS).<\/p><\/div>\n","protected":false},"excerpt":{"rendered":"<p>ROMA (ITALPRESS) &#8211; &#8220;Oggi, in Consiglio dei Ministri, abbiamo varato la legge di bilancio, un intervento che mette al centro i cittadini, le famiglie e il rilancio della nostra Nazione. Come avevamo promesso, non ci saranno nuove tasse per i cittadini. Inoltre, rendiamo strutturale il taglio delle tasse sui lavoratori, e 3,5 miliardi provenienti da [&hellip;]<\/p>\n","protected":false},"author":18,"featured_media":214649,"comment_status":"closed","ping_status":"closed","sticky":false,"template":"","format":"standard","meta":{"ub_ctt_via":"","_mi_skip_tracking":false},"categories":[446,4],"tags":[783],"featured_image_src":"https:\/\/www.messinaoggi.it\/website\/wp-content\/uploads\/2024\/10\/20241015_2246.jpg","author_info":{"display_name":"Admin","author_link":"https:\/\/www.messinaoggi.it\/website\/author\/admin\/"},"digistream_id":0,"digistream":false,"_links":{"self":[{"href":"https:\/\/www.messinaoggi.it\/website\/wp-json\/wp\/v2\/posts\/214648"}],"collection":[{"href":"https:\/\/www.messinaoggi.it\/website\/wp-json\/wp\/v2\/posts"}],"about":[{"href":"https:\/\/www.messinaoggi.it\/website\/wp-json\/wp\/v2\/types\/post"}],"author":[{"embeddable":true,"href":"https:\/\/www.messinaoggi.it\/website\/wp-json\/wp\/v2\/users\/18"}],"replies":[{"embeddable":true,"href":"https:\/\/www.messinaoggi.it\/website\/wp-json\/wp\/v2\/comments?post=214648"}],"version-history":[{"count":1,"href":"https:\/\/www.messinaoggi.it\/website\/wp-json\/wp\/v2\/posts\/214648\/revisions"}],"predecessor-version":[{"id":214650,"href":"https:\/\/www.messinaoggi.it\/website\/wp-json\/wp\/v2\/posts\/214648\/revisions\/214650"}],"wp:featuredmedia":[{"embeddable":true,"href":"https:\/\/www.messinaoggi.it\/website\/wp-json\/wp\/v2\/media\/214649"}],"wp:attachment":[{"href":"https:\/\/www.messinaoggi.it\/website\/wp-json\/wp\/v2\/media?parent=214648"}],"wp:term":[{"taxonomy":"category","embeddable":true,"href":"https:\/\/www.messinaoggi.it\/website\/wp-json\/wp\/v2\/categories?post=214648"},{"taxonomy":"post_tag","embeddable":true,"href":"https:\/\/www.messinaoggi.it\/website\/wp-json\/wp\/v2\/tags?post=214648"}],"curies":[{"name":"wp","href":"https:\/\/api.w.org\/{rel}","templated":true}]}}