{"id":214614,"date":"2024-10-15T18:05:36","date_gmt":"2024-10-15T16:05:36","guid":{"rendered":"https:\/\/www.messinaoggi.it\/website\/2024\/10\/15\/calenda-meloni-chiede-responsabilita-opposizioni-ma-servono-atti\/"},"modified":"2024-10-15T18:05:36","modified_gmt":"2024-10-15T16:05:36","slug":"calenda-meloni-chiede-responsabilita-opposizioni-ma-servono-atti","status":"publish","type":"post","link":"https:\/\/www.messinaoggi.it\/website\/2024\/10\/15\/calenda-meloni-chiede-responsabilita-opposizioni-ma-servono-atti\/","title":{"rendered":"Calenda \u201cMeloni chiede responsabilit\u00e0 opposizioni, ma servono atti\u201d"},"content":{"rendered":"<div>ROMA (ITALPRESS) &#8211; &#8220;Finisce un p\u00f2 come al solito, con il governo che ci dice che noi siamo con gli scafisti, addirittura contro l&#8217;Europa giusta, quella interdipendente. Il problema di questa discussione tenuta in questi toni \u00e8 che possiamo andare avanti a rinfacciarci tante cose. In quest&#8217;Aula chiede responsabilit\u00e0 alle opposizioni, la mia domanda \u00e8: cosa succede se le opposizioni responsabili chiedono di condividere il piano strutturale di bilancio, di discuterne i principi? O quando le opposizioni chiedono di discutere la questione disastrosa dell&#8217;automotive che va risolta a livello europeo? Lei chiede molta responsabilit\u00e0, ma la responsabilit\u00e0 non \u00e8 un sentimento individuale a seconda della propria utilit\u00e0, bisogna fare atti concreti o si cade in slogan da una parte e dall&#8217;altra&#8221;. Cos\u00ec il leader di Azione, Carlo Calenda, nel corso delle dichiarazioni di voto dopo le comunicazioni in Senato del presidente del Consiglio, Giorgia Meloni, in vista del Consiglio europeo del 17 e 18 ottobre.<div id=\"div-gpt-ad-Messinaoggi.it-DSK-300x250-corpoart\" style=\"text-align:center;margin:0 auto;\"><\/div><\/p>\n<p>&#8211; Foto Agenzia Fotogramma &#8211;<div id=\"videoincontent\" style=\"clear:both\";><\/div><\/p>\n<p>(ITALPRESS).<\/p><\/div>\n","protected":false},"excerpt":{"rendered":"<p>ROMA (ITALPRESS) &#8211; &#8220;Finisce un p\u00f2 come al solito, con il governo che ci dice che noi siamo con gli scafisti, addirittura contro l&#8217;Europa giusta, quella interdipendente. Il problema di questa discussione tenuta in questi toni \u00e8 che possiamo andare avanti a rinfacciarci tante cose. In quest&#8217;Aula chiede responsabilit\u00e0 alle opposizioni, la mia domanda \u00e8: [&hellip;]<\/p>\n","protected":false},"author":18,"featured_media":214615,"comment_status":"closed","ping_status":"closed","sticky":false,"template":"","format":"standard","meta":{"ub_ctt_via":"","_mi_skip_tracking":false},"categories":[446],"tags":[783],"featured_image_src":"https:\/\/www.messinaoggi.it\/website\/wp-content\/uploads\/2024\/10\/20241015_1757.jpg","author_info":{"display_name":"Admin","author_link":"https:\/\/www.messinaoggi.it\/website\/author\/admin\/"},"digistream_id":0,"digistream":false,"_links":{"self":[{"href":"https:\/\/www.messinaoggi.it\/website\/wp-json\/wp\/v2\/posts\/214614"}],"collection":[{"href":"https:\/\/www.messinaoggi.it\/website\/wp-json\/wp\/v2\/posts"}],"about":[{"href":"https:\/\/www.messinaoggi.it\/website\/wp-json\/wp\/v2\/types\/post"}],"author":[{"embeddable":true,"href":"https:\/\/www.messinaoggi.it\/website\/wp-json\/wp\/v2\/users\/18"}],"replies":[{"embeddable":true,"href":"https:\/\/www.messinaoggi.it\/website\/wp-json\/wp\/v2\/comments?post=214614"}],"version-history":[{"count":0,"href":"https:\/\/www.messinaoggi.it\/website\/wp-json\/wp\/v2\/posts\/214614\/revisions"}],"wp:featuredmedia":[{"embeddable":true,"href":"https:\/\/www.messinaoggi.it\/website\/wp-json\/wp\/v2\/media\/214615"}],"wp:attachment":[{"href":"https:\/\/www.messinaoggi.it\/website\/wp-json\/wp\/v2\/media?parent=214614"}],"wp:term":[{"taxonomy":"category","embeddable":true,"href":"https:\/\/www.messinaoggi.it\/website\/wp-json\/wp\/v2\/categories?post=214614"},{"taxonomy":"post_tag","embeddable":true,"href":"https:\/\/www.messinaoggi.it\/website\/wp-json\/wp\/v2\/tags?post=214614"}],"curies":[{"name":"wp","href":"https:\/\/api.w.org\/{rel}","templated":true}]}}