{"id":214437,"date":"2024-10-14T15:39:09","date_gmt":"2024-10-14T13:39:09","guid":{"rendered":"http:\/\/www.messinaoggi.it\/website\/?p=214437"},"modified":"2024-10-15T13:21:16","modified_gmt":"2024-10-15T11:21:16","slug":"le-mosse-di-cateno-de-luca-scuotono-il-panorama-politico-siciliano","status":"publish","type":"post","link":"https:\/\/www.messinaoggi.it\/website\/2024\/10\/14\/le-mosse-di-cateno-de-luca-scuotono-il-panorama-politico-siciliano\/","title":{"rendered":"Le mosse di Cateno De Luca scuotono il panorama politico siciliano"},"content":{"rendered":"\n<p><strong>Cateno De Luca<\/strong>, sindaco di Taormina e leader del movimento Sud chiama Nord, sta mettendo in atto un riposizionamento politico che ha generato tensioni e polemiche sia con il centrosinistra che con il centrodestra in Sicilia. Dopo aver flirtato con l&#8217;idea di alleanze con il Partito Democratico (PD) e il Movimento 5 Stelle (M5S) all&#8217;Assemblea Regionale Siciliana (ARS), creando un&#8217;avvicinamento corroborato dalla comune opposizione al Governo Schifani, De Luca ha sorpreso molti con la sua recente apertura al dialogo con il centrodestra. Questa mossa sta segnando una rottura significativa con le opposizioni. <div id=\"div-gpt-ad-Messinaoggi.it-DSK-300x250-corpoart\" style=\"text-align:center;margin:0 auto;\"><\/div><\/p>\n\n\n\n<p>De Luca ha espresso la preferenza per un ruolo di &#8220;numero due&#8221; nella maggioranza, quale che essa sia, piuttosto che rimanere all&#8217;opposizione. De Luca mira a raggiungere al pi\u00f9 presto il potere e ad incidere, influenzando le scelte del futuro governo regionale. La svolta \u00e8 stata manifestata recentemente a Palazzo Zanca, durante una conferenza stampa, due giorni fa, alla presenza, tra gli altri, del sindaco di Messina <strong>Federico Basile<\/strong>, del deputato <strong>Francesco Gallo<\/strong>, dei deputati regionali <strong>Giuseppe Lombardo<\/strong> e <strong>Danilo Lo Giudice<\/strong> e di <strong>Laura Castelli<\/strong>, presidente del partito deluchiano. <div id=\"videoincontent\" style=\"clear:both\";><\/div><\/p>\n\n\n\n<p>\u201cSono disponibile a fare il numero due, rinunciando a fare il sindaco di Sicilia, con un centrodestra rinnovato. Ma mai con Musumeci, Schifani e la vecchia politica. Il centrosinistra, invece, ha scelto il suicidio assistito e non mi vuole. La poltrona \u00e8 un mezzo, mentre il fine \u00e8 il bene collettivo. Siamo amministratori, incidiamo nelle istituzioni.\u201d ha detto quel giorno.<\/p>\n\n\n\n<p>Inizialmente, sembrava che si fosse creato un certo feeling tra De Luca e le opposizioni di centrosinistra all&#8217;ARS, con la possibilit\u00e0 di una collaborazione per contrastare il governo Schifani. Tuttavia, sul piano locale, in particolare a Messina, il PD e il M5S si sono sempre mostrati contrari a un&#8217;alleanza con De Luca, giudicandolo un politico populista e imprevedibile, memori anche del ruolo di opposizione avuto dai due partiti in Consiglio Comunale quando Cateno era sindaco della citt\u00e0 dello Stretto, e degli insulti pi\u00f9 volte subiti. Le leadership locali hanno mantenuto una posizione critica, considerando la vicinanza di De Luca alle logiche di potere poco compatibili con la costruzione di un&#8217;alternativa stabile e coerente.<\/p>\n\n\n\n<p>Le reazioni del centrosinistra alla svolta di De Luca sono state immediate. <strong>Nuccio Di Paola<\/strong>, coordinatore regionale del M5S, ha  sottolineato che questa scelta consegnerebbe al Movimento 5 Stelle la leadership dell&#8217;opposizione.<\/p>\n\n\n\n<p>\u201cPraticamente ci sta consegnando la leadership dell\u2019alternativa a Schifani e Meloni. All\u2019Ars cambia poco, dato che al gruppo di Sud chiama Nord sono rimasti in pochissimi, ma sul piano del campo largo, senza De Luca, possiamo guardare con pi\u00f9 apertura a forze come l\u2019Alleanza Verdi e Sinistra\u201d.<\/p>\n\n\n\n<p>Il segretario regionale del PD, <strong>Anthony Barbagallo<\/strong>, ha ribadito l&#8217;obiettivo di costruire un&#8217;alternativa chiara e coerente al governo regionale di centrodestra.<\/p>\n\n\n\n<p>\u201cIl nostro obiettivo resta costruire un\u2019alternativa chiara a Schifani. Per farlo, abbiamo bisogno di un progetto di sviluppo per la Sicilia e di comportamenti coerenti\u201d, ha dichiarato a Repubblica. <\/p>\n\n\n\n<p><a href=\"https:\/\/www.messinaoggi.it\/website\/2024\/10\/14\/il-pd-messinese-respinge-cateno-de-luca\/\">A Messina il PD si \u00e8 fatto sentire con forza attraverso le parole di <strong>Domenico Siracusano<\/strong><\/a>, attualmente impegnato nella campagna a sostegno di <strong>Armando Hyerace <\/strong>come segretario provinciale del partito, entrambi molto critici verso il sindaco di Taormina, coerentemente, sia adesso che in passato.<\/p>\n\n\n\n<p>In questo contesto di tensioni e riposizionamenti, <strong>Ismaele La Vardera<\/strong>, uno dei deputati di spicco di Sud chiama Nord, ha espresso il suo disorientamento per la mancanza di trasparenza nelle decisioni del leader, e proprio mentre scriviamo lascia il partito per andare al Gruppo misto. <\/p>\n\n\n\n<p>Sin dal momento in cui ha sfidato apertamente la linea di De Luca, alcuni giornali siciliani hanno affermato che si prepari a passare al M5S. Quest&#8217;ultimo punto \u00e8 difficile confermarlo, considerate anche le rigide regole dei pentastellati in caso di cambio di casacca. Certo \u00e8 che oggi La Vardera \u00e8 libero di guardarsi intorno e cercare una nuova casa politica, vista la sua scelta di lasciare. <\/p>\n\n\n\n<p>&#8220;La mia non \u00e8 una scelta ideologica, sono orgoglioso di essere tra i fondatori di un partito post-ideologico. Non sto n\u00e9 con la destra, n\u00e9 con la sinistra. Ma sui temi siamo lontani dal Governo Schifani, quel Governo siciliano che sostenendo scelte come l&#8217;autonomia differenziata sta dimostrando di essere il peggiore di sempre. Come giustifichiamo di fronte ai cittadini che, dopo la nostra opposizione sui fatti concreti, ci siederemo a fianco dei partito che hanno sostenuto Schifani? Le mie battaglie sono note a tutti, posso fregiarmi di essere uno dei deputati pi\u00f9 presenti all&#8217;Ars. Ringrazio Cateno perch\u00e9 ha riacceso la mia passione per la politica, gli auguro il meglio, cio\u00e8 di tornare ad essere il guerriero di sempre. Ma le nostre strade sono ormai lontane, andr\u00f2 al Gruppo misto e far\u00f2 la mia traversata nel deserto&#8221; ha detto poco fa in un video su Facebook. <\/p>\n\n\n\n<p>In tutto ci\u00f2 <strong>Pino Galluzzo<\/strong>, deputato regionale di Fratelli d&#8217;Italia, non ha fatto intendere che le porte a De Luca sono spalancate. Anche il centrodestra ha sub\u00ecto numerosi attacchi dal sindaco di Taormina, dunque Galluzzo prima vuole vederci chiaro. <a href=\"https:\/\/www.messinaoggi.it\/website\/2024\/10\/14\/galluzzo-fdi-de-luca-pronto-al-dialogo-con-il-centrodestra-prima-rispetti-la-nostra-classe-dirigente\/\" data-type=\"URL\" data-id=\"https:\/\/www.messinaoggi.it\/website\/2024\/10\/14\/galluzzo-fdi-de-luca-pronto-al-dialogo-con-il-centrodestra-prima-rispetti-la-nostra-classe-dirigente\/\"><strong>Qui le sue parole. <\/strong><\/a><\/p>\n\n\n\n<p>Tuttavia lo sponsor di De Luca sembra essere molto in alto. Si parla di un incontro tra <strong>Arianna Meloni<\/strong>, sorella della Premier, e De Luca. \u00c8 questo il momento che avrebbe scatenato i ripensamenti pubblici del leader di Sud chiama Nord. Ci\u00f2 farebbe pensare a discussioni approfondite che avrebbero dato garanzie a De Luca. Di fronte ad un matrimonio nazionale, Galluzzo e i pi\u00f9 critici come lui dovrebbero accettare e incassare. <\/p>\n\n\n\n<p>La situazione politica resta in evoluzione, con De Luca che sembra intenzionato a esplorare nuove strade per aumentare il suo peso politico, senza per\u00f2 chiudere definitivamente le porte al centrosinistra. Resta da vedere come si evolveranno le dinamiche in vista delle elezioni regionali del 2025, che non sono poi cos\u00ec lontane.<\/p>\n","protected":false},"excerpt":{"rendered":"<p>Cateno De Luca, sindaco di Taormina e leader del movimento Sud chiama Nord, sta mettendo in atto un riposizionamento politico che ha generato tensioni e polemiche sia con il centrosinistra che con il centrodestra in Sicilia. Dopo aver flirtato con l&#8217;idea di alleanze con il Partito Democratico (PD) e il Movimento 5 Stelle (M5S) all&#8217;Assemblea [&hellip;]<\/p>\n","protected":false},"author":123457,"featured_media":196879,"comment_status":"open","ping_status":"open","sticky":false,"template":"","format":"standard","meta":{"ub_ctt_via":"","_mi_skip_tracking":false},"categories":[4,6,11],"tags":[9406,10613,126,3070,4159,1151,1526,4307,2841,5344,851,757,1817,5307],"featured_image_src":"https:\/\/www.messinaoggi.it\/website\/wp-content\/uploads\/2024\/05\/297412770_106029422215713_2020663607428494233_n.jpg","author_info":{"display_name":"Michele Bruno","author_link":"https:\/\/www.messinaoggi.it\/website\/author\/michele-bruno\/"},"digistream_id":0,"digistream":false,"_links":{"self":[{"href":"https:\/\/www.messinaoggi.it\/website\/wp-json\/wp\/v2\/posts\/214437"}],"collection":[{"href":"https:\/\/www.messinaoggi.it\/website\/wp-json\/wp\/v2\/posts"}],"about":[{"href":"https:\/\/www.messinaoggi.it\/website\/wp-json\/wp\/v2\/types\/post"}],"author":[{"embeddable":true,"href":"https:\/\/www.messinaoggi.it\/website\/wp-json\/wp\/v2\/users\/123457"}],"replies":[{"embeddable":true,"href":"https:\/\/www.messinaoggi.it\/website\/wp-json\/wp\/v2\/comments?post=214437"}],"version-history":[{"count":7,"href":"https:\/\/www.messinaoggi.it\/website\/wp-json\/wp\/v2\/posts\/214437\/revisions"}],"predecessor-version":[{"id":214564,"href":"https:\/\/www.messinaoggi.it\/website\/wp-json\/wp\/v2\/posts\/214437\/revisions\/214564"}],"wp:featuredmedia":[{"embeddable":true,"href":"https:\/\/www.messinaoggi.it\/website\/wp-json\/wp\/v2\/media\/196879"}],"wp:attachment":[{"href":"https:\/\/www.messinaoggi.it\/website\/wp-json\/wp\/v2\/media?parent=214437"}],"wp:term":[{"taxonomy":"category","embeddable":true,"href":"https:\/\/www.messinaoggi.it\/website\/wp-json\/wp\/v2\/categories?post=214437"},{"taxonomy":"post_tag","embeddable":true,"href":"https:\/\/www.messinaoggi.it\/website\/wp-json\/wp\/v2\/tags?post=214437"}],"curies":[{"name":"wp","href":"https:\/\/api.w.org\/{rel}","templated":true}]}}