{"id":214418,"date":"2024-10-14T12:13:34","date_gmt":"2024-10-14T10:13:34","guid":{"rendered":"http:\/\/www.messinaoggi.it\/website\/?p=214418"},"modified":"2024-10-14T12:13:38","modified_gmt":"2024-10-14T10:13:38","slug":"citta-metropolitana-si-dimette-il-dg-salvo-puccio","status":"publish","type":"post","link":"https:\/\/www.messinaoggi.it\/website\/2024\/10\/14\/citta-metropolitana-si-dimette-il-dg-salvo-puccio\/","title":{"rendered":"Citt\u00e0 Metropolitana: si dimette il Dg Salvo Puccio"},"content":{"rendered":"\n<p>Salvo Puccio, direttore generale della Citt\u00e0 Metropolitana di Messina, comunica ufficialmente la sua decisione di lasciare l&#8217;incarico.\u00a0Dopo aver completato la fase di supporto gestionale, tecnico e amministrativo per cui era stato chiamato a fornire assistenza dirigenziale, Puccio ha presentato le sue dimissioni, in accordo con il sindaco.\u201c<div id=\"div-gpt-ad-Messinaoggi.it-DSK-300x250-corpoart\" style=\"text-align:center;margin:0 auto;\"><\/div><\/p>\n\n\n\n<p>\u00c8 stata per me un&#8217;esperienza altamente formativa e stimolante \u2013 afferma Puccio \u2013 durante la quale ho avuto l&#8217;opportunit\u00e0 di collaborare con un team di grande valore. Ringrazio il sindaco e tutto il personale della Citt\u00e0 Metropolitana per la fiducia e la collaborazione accordatemi, che hanno permesso di raggiungere importanti obiettivi, come la stabilizzazione del personale precario, l&#8217;avvio della stabilizzazione del personale ASU, la selezione del personale dirigenziale e la predisposizione dei piani di fabbisogno per le future assunzioni, oltre alla gestione delle attivit\u00e0 ordinarie e straordinarie dell&#8217;ente\u201d.Nella sua comunicazione, Puccio sottolinea anche la disponibilit\u00e0 a rimanere in carica fino alla formalizzazione dello scioglimento della convenzione tra il Comune di Messina e la Citt\u00e0 Metropolitana.&#8221;Tenuto conto della vigenza della convenzione tra il Comune e la Citt\u00e0 Metropolitana e dei tempi necessari a procedere allo scioglimento della stessa, affinch\u00e9 io possa svolgere il ruolo di Direttore Generale solo presso il Comune di Messina, sono disponibile \u2013 ha sottolineato Puccio \u2013 a rimanere in carica fino allo scioglimento della convenzione e a collaborare nei prossimi giorni per assicurare un passaggio di consegne il pi\u00f9 possibile ordinato e privo di criticit\u00e0, affinch\u00e9 la Citt\u00e0 Metropolitana possa proseguire senza alcun rallentamento nell&#8217;importante lavoro che sta portando avanti&#8221;.Inoltre, ha manifestato la propria disponibilit\u00e0, qualora ritenuto necessario, a svolgere a titolo gratuito il ruolo di consulente, proprio per supportare le attivit\u00e0 di competenza della Citt\u00e0 Metropolitana.Concludendo, Puccio ha rinnovato il suo ringraziamento al sindaco e a tutto il personale per la collaborazione e la fiducia ricevute durante il suo mandato.<div id=\"videoincontent\" style=\"clear:both\";><\/div><\/p>\n","protected":false},"excerpt":{"rendered":"<p>Salvo Puccio, direttore generale della Citt\u00e0 Metropolitana di Messina, comunica ufficialmente la sua decisione di lasciare l&#8217;incarico.\u00a0Dopo aver completato la fase di supporto gestionale, tecnico e amministrativo per cui era stato chiamato a fornire assistenza dirigenziale, Puccio ha presentato le sue dimissioni, in accordo con il sindaco.\u201c \u00c8 stata per me un&#8217;esperienza altamente formativa e [&hellip;]<\/p>\n","protected":false},"author":2,"featured_media":214419,"comment_status":"open","ping_status":"open","sticky":false,"template":"","format":"standard","meta":{"ub_ctt_via":"","_mi_skip_tracking":false},"categories":[6],"tags":[10612,1181,5977],"featured_image_src":"https:\/\/www.messinaoggi.it\/website\/wp-content\/uploads\/2024\/10\/Puccio.jpg","author_info":{"display_name":"Redazione","author_link":"https:\/\/www.messinaoggi.it\/website\/author\/redazione\/"},"digistream_id":0,"digistream":false,"_links":{"self":[{"href":"https:\/\/www.messinaoggi.it\/website\/wp-json\/wp\/v2\/posts\/214418"}],"collection":[{"href":"https:\/\/www.messinaoggi.it\/website\/wp-json\/wp\/v2\/posts"}],"about":[{"href":"https:\/\/www.messinaoggi.it\/website\/wp-json\/wp\/v2\/types\/post"}],"author":[{"embeddable":true,"href":"https:\/\/www.messinaoggi.it\/website\/wp-json\/wp\/v2\/users\/2"}],"replies":[{"embeddable":true,"href":"https:\/\/www.messinaoggi.it\/website\/wp-json\/wp\/v2\/comments?post=214418"}],"version-history":[{"count":1,"href":"https:\/\/www.messinaoggi.it\/website\/wp-json\/wp\/v2\/posts\/214418\/revisions"}],"predecessor-version":[{"id":214420,"href":"https:\/\/www.messinaoggi.it\/website\/wp-json\/wp\/v2\/posts\/214418\/revisions\/214420"}],"wp:featuredmedia":[{"embeddable":true,"href":"https:\/\/www.messinaoggi.it\/website\/wp-json\/wp\/v2\/media\/214419"}],"wp:attachment":[{"href":"https:\/\/www.messinaoggi.it\/website\/wp-json\/wp\/v2\/media?parent=214418"}],"wp:term":[{"taxonomy":"category","embeddable":true,"href":"https:\/\/www.messinaoggi.it\/website\/wp-json\/wp\/v2\/categories?post=214418"},{"taxonomy":"post_tag","embeddable":true,"href":"https:\/\/www.messinaoggi.it\/website\/wp-json\/wp\/v2\/tags?post=214418"}],"curies":[{"name":"wp","href":"https:\/\/api.w.org\/{rel}","templated":true}]}}