{"id":21432,"date":"2018-07-03T09:38:47","date_gmt":"2018-07-03T07:38:47","guid":{"rendered":"http:\/\/www.messinaoggi.it\/website\/?p=21432"},"modified":"2018-07-03T09:38:47","modified_gmt":"2018-07-03T07:38:47","slug":"lino-santoro-confartigianato-i-saldi-non-bastano-se-il-centro-muore","status":"publish","type":"post","link":"https:\/\/www.messinaoggi.it\/website\/2018\/07\/03\/lino-santoro-confartigianato-i-saldi-non-bastano-se-il-centro-muore\/","title":{"rendered":"Lino Santoro (Confartigianato): i saldi non bastano se il centro muore"},"content":{"rendered":"<p><strong>Lino Santoro<\/strong>, presidente giovani di Confartigianato Messina, lancia l&#8217;ennesimo grido d&#8217;allarme rispetto allo stato di crisi che sta interessando le piccole e medie imprese. &#8220;<em>I negozianti del centro cittadino stanno attraversando una crisi senza precedenti, imputabile non solo alla carenza di risorse da parte degli acquirenti. C&#8217;\u00e8 anche dell&#8217;altro, come cinque anni di amministrazione scellerata. Il centro cittadino \u00e8 stato abbandonato a s\u00e9 stesso, non vi \u00e8 una sola attrattiva che possa spingere i messinese che hanno qualche risorsa a recarsi in centro per gli acquisti<\/em>&#8220;.<br \/>\nNonostante sia partita sabato la stagione dei saldi, i commercianti non hanno assistito alla tradizionale corsa agli acquisti come avveniva in passato. I potenziali acquirenti sono spesso spinti ad andare fuori citt\u00e0, presso centri commerciali della provincia e del catanese, dove agli acquisti \u00e8 possibile abbinare lo svago.<br \/>\n&#8220;<em>Personalmente ho gi\u00e0 avuto un primo contatto con il sindaco Cateno De Luca &#8211; aggiunge Santoro &#8211; e vi \u00e8 una certa apertura nei confronti del commercio cittadino i cui problemi non possono essere legati solo alla Cosap e alla tassa sull&#8217;occupazione del suolo. Di cui s&#8217;\u00e8 sentito parlare fino ad oggi. Chi porta avanti questa tematica \u00e8 perch\u00e9 non intende pagare una tassa dovuta. I problemi del commercio sono anche altri, come ad esempio il baratto amministrativo, l&#8217;abbellimento del centro o la lotta contro il caro affitti che stanno strangolando i commercianti. Con il sindaco De Luca spero che questi temi diventino centrali e si metta fine alla litania della Cosap, un tema che interessa pochi commercianti che per di pi\u00f9 hanno montagne di debiti con Palazzo Zanca, mentre la totalit\u00e0 paga regolarmente da anni le imposte<\/em>&#8220;.<div id=\"div-gpt-ad-Messinaoggi.it-DSK-300x250-corpoart\" style=\"text-align:center;margin:0 auto;\"><\/div><\/p>\n<div id=\"videoincontent\" style=\"clear:both\";><\/div>","protected":false},"excerpt":{"rendered":"<p>Lino Santoro, presidente giovani di Confartigianato Messina, lancia l&#8217;ennesimo grido d&#8217;allarme rispetto allo stato di crisi che sta interessando le piccole e medie imprese. &#8220;I negozianti del centro cittadino stanno attraversando una crisi senza precedenti, imputabile non solo alla carenza di risorse da parte degli acquirenti. C&#8217;\u00e8 anche dell&#8217;altro, come cinque anni di amministrazione scellerata. [&hellip;]<\/p>\n","protected":false},"author":2,"featured_media":21431,"comment_status":"closed","ping_status":"open","sticky":false,"template":"","format":"standard","meta":{"ub_ctt_via":"","_mi_skip_tracking":false},"categories":[6],"tags":[],"featured_image_src":"https:\/\/www.messinaoggi.it\/website\/wp-content\/uploads\/2018\/07\/162905FE-0DF0-45CF-81E3-CF39590BCE5B-1.jpeg","author_info":{"display_name":"Redazione","author_link":"https:\/\/www.messinaoggi.it\/website\/author\/redazione\/"},"digistream_id":0,"digistream":false,"_links":{"self":[{"href":"https:\/\/www.messinaoggi.it\/website\/wp-json\/wp\/v2\/posts\/21432"}],"collection":[{"href":"https:\/\/www.messinaoggi.it\/website\/wp-json\/wp\/v2\/posts"}],"about":[{"href":"https:\/\/www.messinaoggi.it\/website\/wp-json\/wp\/v2\/types\/post"}],"author":[{"embeddable":true,"href":"https:\/\/www.messinaoggi.it\/website\/wp-json\/wp\/v2\/users\/2"}],"replies":[{"embeddable":true,"href":"https:\/\/www.messinaoggi.it\/website\/wp-json\/wp\/v2\/comments?post=21432"}],"version-history":[{"count":0,"href":"https:\/\/www.messinaoggi.it\/website\/wp-json\/wp\/v2\/posts\/21432\/revisions"}],"wp:featuredmedia":[{"embeddable":true,"href":"https:\/\/www.messinaoggi.it\/website\/wp-json\/wp\/v2\/media\/21431"}],"wp:attachment":[{"href":"https:\/\/www.messinaoggi.it\/website\/wp-json\/wp\/v2\/media?parent=21432"}],"wp:term":[{"taxonomy":"category","embeddable":true,"href":"https:\/\/www.messinaoggi.it\/website\/wp-json\/wp\/v2\/categories?post=21432"},{"taxonomy":"post_tag","embeddable":true,"href":"https:\/\/www.messinaoggi.it\/website\/wp-json\/wp\/v2\/tags?post=21432"}],"curies":[{"name":"wp","href":"https:\/\/api.w.org\/{rel}","templated":true}]}}