{"id":21424,"date":"2018-07-02T22:50:48","date_gmt":"2018-07-02T20:50:48","guid":{"rendered":"http:\/\/www.messinaoggi.it\/website\/?p=21424"},"modified":"2018-07-02T22:50:48","modified_gmt":"2018-07-02T20:50:48","slug":"acr-messina-gestione-proto-avviate-le-procedure-fallimentari","status":"publish","type":"post","link":"https:\/\/www.messinaoggi.it\/website\/2018\/07\/02\/acr-messina-gestione-proto-avviate-le-procedure-fallimentari\/","title":{"rendered":"Acr Messina gestione Proto, avviate le procedure fallimentari"},"content":{"rendered":"<p style=\"text-align: justify;\">Avviate le procedure fallimentari per l&#8217;Acr Messina della gestione Proto. Con provvedimento del Tribunale Fallimentare di Messina (giudice delegato la dott.ssa Claudia Giovanna Bisignano, sono state avviate le procedure propedeutiche al fallimento della societ\u00e0 la cui ultima gestione, dopo la mancata iscrizione al campionato di LegaPro, \u00e8 ascrivibile al dirigente catanese Franco Proto.<div id=\"div-gpt-ad-Messinaoggi.it-DSK-300x250-corpoart\" style=\"text-align:center;margin:0 auto;\"><\/div><\/p>\n<p style=\"text-align: justify;\">Come si ricorder\u00e0 il dirigente sportivo, per sopraggiungi problemi di carattere economico decise di non iscrivere la societ\u00e0 al Campionato di LegaPro, aprendo di fatto la strada al nuovo corso (non molto fortunato per le verit\u00e0), del presidente Sciotto.<div id=\"videoincontent\" style=\"clear:both\";><\/div><\/p>\n<p style=\"text-align: justify;\">La Sezione fallimentare del Tribunale di Messina ha nominato il curatore fallimentare: si tratta del dott. Massimo Salomone. La data di iscrizione della procedura alla Camera di Commercio di Messina \u00e8 dello scorso 14 giugno, mentre il provvedimento \u00e8 dello scorso 30 maggio.<\/p>\n","protected":false},"excerpt":{"rendered":"<p>Avviate le procedure fallimentari per l&#8217;Acr Messina della gestione Proto. Con provvedimento del Tribunale Fallimentare di Messina (giudice delegato la dott.ssa Claudia Giovanna Bisignano, sono state avviate le procedure propedeutiche al fallimento della societ\u00e0 la cui ultima gestione, dopo la mancata iscrizione al campionato di LegaPro, \u00e8 ascrivibile al dirigente catanese Franco Proto. Come si [&hellip;]<\/p>\n","protected":false},"author":2,"featured_media":967,"comment_status":"closed","ping_status":"open","sticky":false,"template":"","format":"standard","meta":{"ub_ctt_via":"","_mi_skip_tracking":false},"categories":[6],"tags":[],"featured_image_src":"https:\/\/www.messinaoggi.it\/website\/wp-content\/uploads\/2017\/05\/Proto-Franco-2.jpg","author_info":{"display_name":"Redazione","author_link":"https:\/\/www.messinaoggi.it\/website\/author\/redazione\/"},"digistream_id":0,"digistream":false,"_links":{"self":[{"href":"https:\/\/www.messinaoggi.it\/website\/wp-json\/wp\/v2\/posts\/21424"}],"collection":[{"href":"https:\/\/www.messinaoggi.it\/website\/wp-json\/wp\/v2\/posts"}],"about":[{"href":"https:\/\/www.messinaoggi.it\/website\/wp-json\/wp\/v2\/types\/post"}],"author":[{"embeddable":true,"href":"https:\/\/www.messinaoggi.it\/website\/wp-json\/wp\/v2\/users\/2"}],"replies":[{"embeddable":true,"href":"https:\/\/www.messinaoggi.it\/website\/wp-json\/wp\/v2\/comments?post=21424"}],"version-history":[{"count":0,"href":"https:\/\/www.messinaoggi.it\/website\/wp-json\/wp\/v2\/posts\/21424\/revisions"}],"wp:featuredmedia":[{"embeddable":true,"href":"https:\/\/www.messinaoggi.it\/website\/wp-json\/wp\/v2\/media\/967"}],"wp:attachment":[{"href":"https:\/\/www.messinaoggi.it\/website\/wp-json\/wp\/v2\/media?parent=21424"}],"wp:term":[{"taxonomy":"category","embeddable":true,"href":"https:\/\/www.messinaoggi.it\/website\/wp-json\/wp\/v2\/categories?post=21424"},{"taxonomy":"post_tag","embeddable":true,"href":"https:\/\/www.messinaoggi.it\/website\/wp-json\/wp\/v2\/tags?post=21424"}],"curies":[{"name":"wp","href":"https:\/\/api.w.org\/{rel}","templated":true}]}}