{"id":21422,"date":"2018-07-02T20:41:20","date_gmt":"2018-07-02T18:41:20","guid":{"rendered":"http:\/\/www.messinaoggi.it\/website\/?p=21422"},"modified":"2018-07-02T20:41:20","modified_gmt":"2018-07-02T18:41:20","slug":"pontida-2018-lo-monte-soddisfatto-adesso-si-facciano-i-decreti-attuativi","status":"publish","type":"post","link":"https:\/\/www.messinaoggi.it\/website\/2018\/07\/02\/pontida-2018-lo-monte-soddisfatto-adesso-si-facciano-i-decreti-attuativi\/","title":{"rendered":"Pontida 2018, Lo Monte soddisfatto: &quot;Adesso si facciano i decreti attuativi&quot;"},"content":{"rendered":"<p style=\"text-align: justify\">Quest&#8217;anno a Pontida c&#8217;era anche la Lega Sicilia. Oltre al Ministro alla Pubblica Amministrazione, la senatrice palermitana Giulia Bongiorno, erano presenti anche il commissario regionale, senatore Stefano Candiani, i parlamentari Alessandro Pagano e Carmelo Lo Monte. Tantissimi i militanti presenti giunti dalle regioni del meridione, che hanno partecipato con entusiasmo ad una vera festa\u00a0 popolo portando contributi ideali e tradizionali della nostra terra. La grande novit\u00e0 \u00e8 stata rappresentata dalla presenza del Presidente della Regione Sicilia, Nello Musumeci, il quale \u00e8 intervenuto evidenziando le ragioni del mezzogiorno, in particolare della Sicilia.<div id=\"div-gpt-ad-Messinaoggi.it-DSK-300x250-corpoart\" style=\"text-align:center;margin:0 auto;\"><\/div><\/p>\n<p style=\"text-align: justify\">&#8220;E&#8217; una grande occasione per la nostra autonomia &#8211; ha sottolineato l&#8217;onorevole, Carmelo Lo Monte &#8211; perch\u00e9 finalmente utilizzando le trattative della Regione Lombardia, del Veneto e dell&#8217;Emilia-Romagna, si avr\u00e0 la possibilit\u00e0 per chiedere e pretendere i famosi decreti attuativi che possono dare sostanza alla nostra autonomia e specialit\u00e0. Decreti attuativi che lo Stato centrale ha sempre negato alla nostra Regione, lasciando cos\u00ec inattuato il nostro Statuto e quindi la nostra autonomia. \u00c8 un&#8217;occasione storica per la nostra Regione, quella di essere forza di governo della Lega, che \u00e8 il partito del territorio. Tutto questo per avere finalmente un autogoverno responsabile con un conseguente progetto di sviluppo, che valorizzi le vocazioni della nostra terra. Tale progetto di sviluppo pensato in Sicilia, e non a Roma o Bruxelles, dar\u00e0 ai siciliani la legittimazione ed il protagonismo per essere artefici della nostra terra&#8221;.<div id=\"videoincontent\" style=\"clear:both\";><\/div><\/p>\n","protected":false},"excerpt":{"rendered":"<p>Quest&#8217;anno a Pontida c&#8217;era anche la Lega Sicilia. Oltre al Ministro alla Pubblica Amministrazione, la senatrice palermitana Giulia Bongiorno, erano presenti anche il commissario regionale, senatore Stefano Candiani, i parlamentari Alessandro Pagano e Carmelo Lo Monte. Tantissimi i militanti presenti giunti dalle regioni del meridione, che hanno partecipato con entusiasmo ad una vera festa\u00a0 popolo [&hellip;]<\/p>\n","protected":false},"author":15,"featured_media":18657,"comment_status":"closed","ping_status":"open","sticky":false,"template":"","format":"standard","meta":{"ub_ctt_via":"","_mi_skip_tracking":false},"categories":[6],"tags":[],"featured_image_src":"https:\/\/www.messinaoggi.it\/website\/wp-content\/uploads\/2018\/04\/Lo-Monte-Candiani-1.jpg","author_info":{"display_name":"red.me","author_link":"https:\/\/www.messinaoggi.it\/website\/author\/red-me\/"},"digistream_id":0,"digistream":false,"_links":{"self":[{"href":"https:\/\/www.messinaoggi.it\/website\/wp-json\/wp\/v2\/posts\/21422"}],"collection":[{"href":"https:\/\/www.messinaoggi.it\/website\/wp-json\/wp\/v2\/posts"}],"about":[{"href":"https:\/\/www.messinaoggi.it\/website\/wp-json\/wp\/v2\/types\/post"}],"author":[{"embeddable":true,"href":"https:\/\/www.messinaoggi.it\/website\/wp-json\/wp\/v2\/users\/15"}],"replies":[{"embeddable":true,"href":"https:\/\/www.messinaoggi.it\/website\/wp-json\/wp\/v2\/comments?post=21422"}],"version-history":[{"count":0,"href":"https:\/\/www.messinaoggi.it\/website\/wp-json\/wp\/v2\/posts\/21422\/revisions"}],"wp:featuredmedia":[{"embeddable":true,"href":"https:\/\/www.messinaoggi.it\/website\/wp-json\/wp\/v2\/media\/18657"}],"wp:attachment":[{"href":"https:\/\/www.messinaoggi.it\/website\/wp-json\/wp\/v2\/media?parent=21422"}],"wp:term":[{"taxonomy":"category","embeddable":true,"href":"https:\/\/www.messinaoggi.it\/website\/wp-json\/wp\/v2\/categories?post=21422"},{"taxonomy":"post_tag","embeddable":true,"href":"https:\/\/www.messinaoggi.it\/website\/wp-json\/wp\/v2\/tags?post=21422"}],"curies":[{"name":"wp","href":"https:\/\/api.w.org\/{rel}","templated":true}]}}