{"id":214201,"date":"2024-10-11T13:49:33","date_gmt":"2024-10-11T11:49:33","guid":{"rendered":"http:\/\/www.messinaoggi.it\/website\/?p=214201"},"modified":"2024-10-11T13:49:35","modified_gmt":"2024-10-11T11:49:35","slug":"salvatore-ada-uil-insiste-viadotto-ritiro-sia-intitolato-a-lui","status":"publish","type":"post","link":"https:\/\/www.messinaoggi.it\/website\/2024\/10\/11\/salvatore-ada-uil-insiste-viadotto-ritiro-sia-intitolato-a-lui\/","title":{"rendered":"Salvatore Ada, Uil insiste: &#8220;Viadotto Ritiro sia intitolato a lui&#8221;"},"content":{"rendered":"\n<p>Domani sar\u00e0 il secondo anniversario dalla morte di <strong>Salvatore Ada<\/strong>, il lavoratore deceduto nel 2021 mentre prendeva parte ai lavori sul Viadotto Ritiro. Uil lo ricorda, rinnovando la proposta di intitolare il viadotto al dipendente della Toto Costruzioni, nonch\u00e9 iscritto del sindacato. <div id=\"div-gpt-ad-Messinaoggi.it-DSK-300x250-corpoart\" style=\"text-align:center;margin:0 auto;\"><\/div><\/p>\n\n\n\n<p>\u201cIl 12 ottobre \u00e8 una data triste e nefasta per il mondo del lavoro messinese poich\u00e9, esattamente tre anni fa, in quella nefasta giornata \u00e8 avvenuta la tragica scomparsa di Salvatore Ada, lo sfortunato lavoratore edile, delegato della Feneal Uil, morto sul lavoro presso il cantiere del Viadotto Ritiro. In questo momento di rinnovato dolore esprimiamo la pi\u00f9 sentita vicinanza alla mamma e a tutti i familiari che, giustamente, non si danno pace per la morte del povero Salvatore. La Uil ritiene il ricordo di Salvatore Ada un dovere morale in quanto significa ricordare tutti i morti sul lavoro: un numero impressionante di innocenti lavoratori che, anche nel nostro territorio, sono usciti da casa per guadagnarsi la giornata e non hanno fatto pi\u00f9 rientro. Si tratta di un\u2019indecente mattanza caratterizzata da un inarrestabile contatore delle vittime che \u00e8 indegna per un Paese civile e democratico\u201d lo hanno affermato <strong>Ivan Tripodi<\/strong>, segretario generale Uil Messina, e <strong>Pasquale De Vardo<\/strong>, segretario Feneal Uil Tirrenica Messina-Palermo. <div id=\"videoincontent\" style=\"clear:both\";><\/div><\/p>\n\n\n\n<p>\u201cLa Uil, con in testa il segretario generale Pierpaolo Bombardieri, ha lanciato una grande campagna nazionale denominata \u201cZero Morti sul Lavoro\u201d e chiede con forza che, al netto delle dichiarazioni di circostanza che accompagnano i tanti lutti di innocenti lavoratori, vengano approvate norme forti e stringenti finalizzate alla tutela della vita dei lavoratori. Per quanto ci riguarda, reiteriamo ai vertici del Consorzio per le autostrade siciliane la richiesta finalizzata ad intitolare il Viadotto Ritiro a Salvatore Ada. Una proposta che, in occasione della recente inaugurazione dell\u2019opera, ha trovato chiare parole di pieno consenso e di condivisione pubblica da parte dell\u2019assessore regionale alle infrastrutture on. Alessandro Aric\u00f2 al quale chiediamo di imporre la doverosa accelerazione per la finalizzazione dell\u2019iter in questione. Si tratta di un piccolo e doveroso gesto per mantenere viva la memoria di una vittima innocente caduta sul lavoro\u201d hanno cos\u00ec concluso Ivan Tripodi e Pasquale De Vardo.  Messina, 11 ottobre 2024                    <\/p>\n","protected":false},"excerpt":{"rendered":"<p>Domani sar\u00e0 il secondo anniversario dalla morte di Salvatore Ada, il lavoratore deceduto nel 2021 mentre prendeva parte ai lavori sul Viadotto Ritiro. Uil lo ricorda, rinnovando la proposta di intitolare il viadotto al dipendente della Toto Costruzioni, nonch\u00e9 iscritto del sindacato. \u201cIl 12 ottobre \u00e8 una data triste e nefasta per il mondo del [&hellip;]<\/p>\n","protected":false},"author":15,"featured_media":125056,"comment_status":"open","ping_status":"open","sticky":false,"template":"","format":"standard","meta":{"ub_ctt_via":"","_mi_skip_tracking":false},"categories":[19,6],"tags":[4382,1338,3757],"featured_image_src":"https:\/\/www.messinaoggi.it\/website\/wp-content\/uploads\/2022\/10\/Salvatore-Ada.png","author_info":{"display_name":"red.me","author_link":"https:\/\/www.messinaoggi.it\/website\/author\/red-me\/"},"digistream_id":0,"digistream":false,"_links":{"self":[{"href":"https:\/\/www.messinaoggi.it\/website\/wp-json\/wp\/v2\/posts\/214201"}],"collection":[{"href":"https:\/\/www.messinaoggi.it\/website\/wp-json\/wp\/v2\/posts"}],"about":[{"href":"https:\/\/www.messinaoggi.it\/website\/wp-json\/wp\/v2\/types\/post"}],"author":[{"embeddable":true,"href":"https:\/\/www.messinaoggi.it\/website\/wp-json\/wp\/v2\/users\/15"}],"replies":[{"embeddable":true,"href":"https:\/\/www.messinaoggi.it\/website\/wp-json\/wp\/v2\/comments?post=214201"}],"version-history":[{"count":6,"href":"https:\/\/www.messinaoggi.it\/website\/wp-json\/wp\/v2\/posts\/214201\/revisions"}],"predecessor-version":[{"id":214207,"href":"https:\/\/www.messinaoggi.it\/website\/wp-json\/wp\/v2\/posts\/214201\/revisions\/214207"}],"wp:featuredmedia":[{"embeddable":true,"href":"https:\/\/www.messinaoggi.it\/website\/wp-json\/wp\/v2\/media\/125056"}],"wp:attachment":[{"href":"https:\/\/www.messinaoggi.it\/website\/wp-json\/wp\/v2\/media?parent=214201"}],"wp:term":[{"taxonomy":"category","embeddable":true,"href":"https:\/\/www.messinaoggi.it\/website\/wp-json\/wp\/v2\/categories?post=214201"},{"taxonomy":"post_tag","embeddable":true,"href":"https:\/\/www.messinaoggi.it\/website\/wp-json\/wp\/v2\/tags?post=214201"}],"curies":[{"name":"wp","href":"https:\/\/api.w.org\/{rel}","templated":true}]}}