{"id":21410,"date":"2018-07-02T16:59:59","date_gmt":"2018-07-02T14:59:59","guid":{"rendered":"http:\/\/www.messinaoggi.it\/website\/?p=21410"},"modified":"2018-07-02T16:59:59","modified_gmt":"2018-07-02T14:59:59","slug":"continuano-gli-incontri-formali-del-sindaco-de-luca","status":"publish","type":"post","link":"https:\/\/www.messinaoggi.it\/website\/2018\/07\/02\/continuano-gli-incontri-formali-del-sindaco-de-luca\/","title":{"rendered":"Continuano gli incontri &quot;formali&quot; del sindaco De Luca"},"content":{"rendered":"<p style=\"text-align: justify\">Marina Militare, Capitaneria di Porto e Brigata Aosta. Giornata di incontri per il sindaco, Cateno De Luca, che questa mattina ha reso visita ad alcune realt\u00e0 militari cittadine. In prima battuta, il primo cittadino, ha incontrato in visita di cortesia il responsabile del Comando Supporto Logistico della Marina Militare \u2013 Messina, comandante Santo Giacomo Legrottaglie. \u201cE\u2019 durato per circa un\u2019ora \u2013 \u00e8 quanto ha dichiarato il Sindaco De Luca alla fine dell\u2019incontro \u2013 abbiamo discusso di tante cose, anche di un rilancio della presenza della Marina Militare nel nostro territorio e con un potenziamento di quelle che sono le attivit\u00e0. Abbiamo anche parlato di rafforzare la nostra collaborazione per quelli che sono luoghi come il Forte San Salvatore che \u00e8 lo scrigno che va aperto il pi\u00f9 possibile alla citt\u00e0. Poi \u00e8 anche intervenuto il cappellano militare, padre Andrea Di Paola, che \u00e8 stato prete a Fiumedinisi dal \u201890 al \u201893 e ha raccontato, nel corso del cordiale incontro avuto <a>oggi<\/a>, una serie di episodi che riguardavano la giovent\u00f9 del Sindaco De Luca, che gi\u00e0 nel 1990 a Fiumedinisi, all\u2019et\u00e0 di 18 anni era consigliere comunale. Ha sottolineato anche quello che \u00e8 sempre stato lo spirito di collaborazione, la voglia di sinergia tra le istituzioni, raccontando anche dei simpatici episodi che risalgono proprio a quel periodo. Padre Andrea inoltre aveva con s\u00e8 foto risalenti al 1992, che ritraggono dei momenti di collaborazione ma anche conviviali tra il gruppo parrocchiale di cui faceva parte il Sindaco De Luca e l\u2019intero gruppo che si \u00e8 sempre contraddistinto non solo per la collaborazione istituzionale ma anche per una profonda amicizia. Ci siamo lasciati con l\u2019impegno di ritrovarci nuovamente assieme a pranzo con le rispettive famiglie il primo sabato di agosto per partecipare sia alla Santa Messa che per visitare il Forte San Salvatore\u201d.<div id=\"div-gpt-ad-Messinaoggi.it-DSK-300x250-corpoart\" style=\"text-align:center;margin:0 auto;\"><\/div><\/p>\n<p style=\"text-align: justify\">Successivamente, ha incontrato il comandante della Capitaneria di Porto di Messina, capitano di vascello, Nazzareno Lagan\u00e0. \u201cSi \u00e8 trattato di un incontro molto proficuo, nel corso del quale abbiamo parlato della gestione del Demanio marittimo e soprattutto dell\u2019individuazione delle soluzioni adeguate per quanto riguarda il ricovero delle feluche e anche per fare il punto di verifica del pescato. E\u2019 stata fatta anche una valutazione di carattere generale riguardante lo stato attuale delle spiagge e lo stesso Comandante ha auspicato degli incontri da tenere al pi\u00f9 presto per riprendere la definizione del Piano di gestione del demanio marittimo. La Capitaneria di Porto si \u00e8 messa a disposizione per collaborare con il Comune di Messina per arrivare al pi\u00f9 presto alla redazione di questo importante documento\u201d.<div id=\"videoincontent\" style=\"clear:both\";><\/div><\/p>\n<p style=\"text-align: justify\">De Luca ha concluso le odierne visite protocollari incontrando il generale della Brigata Aosta, Marco Buscemi. \u201cMolto cordiale \u00e8 stato anche l\u2019incontro con il generale Marco Buscemi della Brigata Aosta \u2013 ha dichiarato il Sindaco \u2013 una realt\u00e0 che vede la presenza a Messina di circa 1500 militari dell\u2019esercito ed \u00e8 anche una postazione importante per tutta la Sicilia. Si \u00e8 parlato inoltre delle attivit\u00e0 che vengono svolte dalla Brigata Aosta soprattutto in termini di Protezione civile e per quanto riguarda tutti gli interventi che l\u2019esercito ha sempre fatto e continuer\u00e0 a fare in caso di pubbliche calamit\u00e0. Abbiamo avuto modo di visitare anche la Brigata Aosta e quello che mi ha colpito \u00e8 la cura dei dettagli che ho potuto apprezzare all\u2019interno di una realt\u00e0 che meriterebbe di essere visitata da parte di tutta la comunit\u00e0\u201d.<\/p>\n","protected":false},"excerpt":{"rendered":"<p>Marina Militare, Capitaneria di Porto e Brigata Aosta. Giornata di incontri per il sindaco, Cateno De Luca, che questa mattina ha reso visita ad alcune realt\u00e0 militari cittadine. In prima battuta, il primo cittadino, ha incontrato in visita di cortesia il responsabile del Comando Supporto Logistico della Marina Militare \u2013 Messina, comandante Santo Giacomo Legrottaglie. [&hellip;]<\/p>\n","protected":false},"author":15,"featured_media":21411,"comment_status":"closed","ping_status":"open","sticky":false,"template":"","format":"standard","meta":{"ub_ctt_via":"","_mi_skip_tracking":false},"categories":[6],"tags":[],"featured_image_src":"https:\/\/www.messinaoggi.it\/website\/wp-content\/uploads\/2018\/07\/de-luca-1-1.jpg","author_info":{"display_name":"red.me","author_link":"https:\/\/www.messinaoggi.it\/website\/author\/red-me\/"},"digistream_id":0,"digistream":false,"_links":{"self":[{"href":"https:\/\/www.messinaoggi.it\/website\/wp-json\/wp\/v2\/posts\/21410"}],"collection":[{"href":"https:\/\/www.messinaoggi.it\/website\/wp-json\/wp\/v2\/posts"}],"about":[{"href":"https:\/\/www.messinaoggi.it\/website\/wp-json\/wp\/v2\/types\/post"}],"author":[{"embeddable":true,"href":"https:\/\/www.messinaoggi.it\/website\/wp-json\/wp\/v2\/users\/15"}],"replies":[{"embeddable":true,"href":"https:\/\/www.messinaoggi.it\/website\/wp-json\/wp\/v2\/comments?post=21410"}],"version-history":[{"count":0,"href":"https:\/\/www.messinaoggi.it\/website\/wp-json\/wp\/v2\/posts\/21410\/revisions"}],"wp:featuredmedia":[{"embeddable":true,"href":"https:\/\/www.messinaoggi.it\/website\/wp-json\/wp\/v2\/media\/21411"}],"wp:attachment":[{"href":"https:\/\/www.messinaoggi.it\/website\/wp-json\/wp\/v2\/media?parent=21410"}],"wp:term":[{"taxonomy":"category","embeddable":true,"href":"https:\/\/www.messinaoggi.it\/website\/wp-json\/wp\/v2\/categories?post=21410"},{"taxonomy":"post_tag","embeddable":true,"href":"https:\/\/www.messinaoggi.it\/website\/wp-json\/wp\/v2\/tags?post=21410"}],"curies":[{"name":"wp","href":"https:\/\/api.w.org\/{rel}","templated":true}]}}