{"id":21405,"date":"2018-07-02T15:51:01","date_gmt":"2018-07-02T13:51:01","guid":{"rendered":"http:\/\/www.messinaoggi.it\/website\/?p=21405"},"modified":"2018-07-02T15:51:01","modified_gmt":"2018-07-02T13:51:01","slug":"morte-prof-cotroneo-oggi-e-domani-camera-ardente","status":"publish","type":"post","link":"https:\/\/www.messinaoggi.it\/website\/2018\/07\/02\/morte-prof-cotroneo-oggi-e-domani-camera-ardente\/","title":{"rendered":"Morte prof. Cotroneo, oggi e domani camera ardente"},"content":{"rendered":"<div class=\"_1e-x _n4o\">\n<div class=\"_3_bl\">\n<div class=\"_5w1r _3_om _5wdf\">\n<div class=\"_4gx_\">\n<div class=\"_1aa6\" style=\"text-align: justify;\"><span class=\"_5yl5\">Per rendere omaggio al prof. Girolamo Cotroneo, venuto a mancare nelle scorse ore, verr\u00e0 allestita una camera ardente\u00a0 nella Sala Accademia Peloritana dei Pericolanti, al Rettorato di Messina , dalle 17.30 alle 21, nella giornata di luned\u00ec 2 luglio. La camera ardente sar\u00e0 aperta anche marted\u00ec 3, dalle\u00a0 8 alle\u00a0 10.30.<\/span><\/div>\n<\/div>\n<\/div>\n<\/div>\n<\/div>\n<div id=\"div-gpt-ad-Messinaoggi.it-DSK-300x250-corpoart\" style=\"text-align:center;margin:0 auto;\"><\/div><\/p><div id=\"videoincontent\" style=\"clear:both\";><\/div>","protected":false},"excerpt":{"rendered":"<p>Per rendere omaggio al prof. Girolamo Cotroneo, venuto a mancare nelle scorse ore, verr\u00e0 allestita una camera ardente\u00a0 nella Sala Accademia Peloritana dei Pericolanti, al Rettorato di Messina , dalle 17.30 alle 21, nella giornata di luned\u00ec 2 luglio. La camera ardente sar\u00e0 aperta anche marted\u00ec 3, dalle\u00a0 8 alle\u00a0 10.30.<\/p>\n","protected":false},"author":15,"featured_media":21406,"comment_status":"closed","ping_status":"open","sticky":false,"template":"","format":"standard","meta":{"ub_ctt_via":"","_mi_skip_tracking":false},"categories":[6],"tags":[],"featured_image_src":"https:\/\/www.messinaoggi.it\/website\/wp-content\/uploads\/2018\/07\/cotroneo-1.jpg","author_info":{"display_name":"red.me","author_link":"https:\/\/www.messinaoggi.it\/website\/author\/red-me\/"},"digistream_id":0,"digistream":false,"_links":{"self":[{"href":"https:\/\/www.messinaoggi.it\/website\/wp-json\/wp\/v2\/posts\/21405"}],"collection":[{"href":"https:\/\/www.messinaoggi.it\/website\/wp-json\/wp\/v2\/posts"}],"about":[{"href":"https:\/\/www.messinaoggi.it\/website\/wp-json\/wp\/v2\/types\/post"}],"author":[{"embeddable":true,"href":"https:\/\/www.messinaoggi.it\/website\/wp-json\/wp\/v2\/users\/15"}],"replies":[{"embeddable":true,"href":"https:\/\/www.messinaoggi.it\/website\/wp-json\/wp\/v2\/comments?post=21405"}],"version-history":[{"count":0,"href":"https:\/\/www.messinaoggi.it\/website\/wp-json\/wp\/v2\/posts\/21405\/revisions"}],"wp:featuredmedia":[{"embeddable":true,"href":"https:\/\/www.messinaoggi.it\/website\/wp-json\/wp\/v2\/media\/21406"}],"wp:attachment":[{"href":"https:\/\/www.messinaoggi.it\/website\/wp-json\/wp\/v2\/media?parent=21405"}],"wp:term":[{"taxonomy":"category","embeddable":true,"href":"https:\/\/www.messinaoggi.it\/website\/wp-json\/wp\/v2\/categories?post=21405"},{"taxonomy":"post_tag","embeddable":true,"href":"https:\/\/www.messinaoggi.it\/website\/wp-json\/wp\/v2\/tags?post=21405"}],"curies":[{"name":"wp","href":"https:\/\/api.w.org\/{rel}","templated":true}]}}