{"id":213788,"date":"2024-10-08T09:03:45","date_gmt":"2024-10-08T07:03:45","guid":{"rendered":"http:\/\/www.messinaoggi.it\/website\/?p=213788"},"modified":"2024-10-08T09:03:46","modified_gmt":"2024-10-08T07:03:46","slug":"dimissioni-cda-amam-fdi-siamo-preoccupati","status":"publish","type":"post","link":"https:\/\/www.messinaoggi.it\/website\/2024\/10\/08\/dimissioni-cda-amam-fdi-siamo-preoccupati\/","title":{"rendered":"Dimissioni Cda Amam, FdI: &#8220;Siamo preoccupati&#8221;"},"content":{"rendered":"\n<p>&#8220;Potremmo dire che finalmente la nostra richiesta \u00e8 stata soddisfatta e invece le  dimissioni in blocco del CdA di Amam che, appunto, avevamo gi\u00e0 chiesto in tempi non sospetti e prima ancora dell&#8217;inizio della crisi idrica, le apprendiamo con moderata soddisfazione!&#8221;<br>Lo affermano i consiglieri comunali di Fratelli d&#8217;Italia <strong>Libero Gioveni<\/strong>, <strong>Dario Carbone <\/strong>e <strong>Pasquale Curr\u00f3<\/strong>.<br>&#8220;La soddisfazione moderata &#8211; spiegano &#8211;  \u00e8 dettata dalla preoccupazione dovuta al fatto che l\u2019azienda in questo momento di forte crisi si trova priva del suo direttore generale e da oggi anche della sua governance.<br>Peraltro, proprio la presidente Bonasera da noi stimolata sul tema durante l&#8217;ultima seduta del Consiglio Comunale, aveva dichiarato che non si sentiva di lasciare l&#8217;azienda proprio mentre la barca affonda&#8221;!<br>Quindi? Cosa cova sotto?\u00a0Cosa nascondono realmente, a questo punto, le dimissioni improvvise del direttore generale? Noi non sappiamo ancora cosa intender\u00e0 fare il sindaco Basile &#8211; proseguono gli esponenti di FdI &#8211; per\u00f2 \u00e8 evidente che, in un periodo in cui ancora l&#8217;emergenza idrica non \u00e8 affatto finita e in un periodo in cui ha avuto anche efficacia il nuovo contratto di servizio con la nuova incombenza del servizio di pronto intervento per la manutenzione stradale, la societ\u00e0 non pu\u00f2 affatto rimanere senza guida!<br>Riteniamo quindi &#8211; concludono Gioveni, Carbone e Curr\u00f2 &#8211; che le dimissioni del CdA siano certamente propizie per dare finalmente una svolta ad un&#8217;azienda che, al netto dell&#8217;impegno quotidiano del personale, non ci ha mai soddisfatto, ma non possiamo non evidenziare nello stesso tempo l\u2019inopportunit\u00e0 delle stesse nella scelta della tempistica&#8221;.<div id=\"div-gpt-ad-Messinaoggi.it-DSK-300x250-corpoart\" style=\"text-align:center;margin:0 auto;\"><\/div><\/p>\n\n\n\n<p>Concludono i consiglieri comunali.\u00a0<div id=\"videoincontent\" style=\"clear:both\";><\/div><\/p>\n","protected":false},"excerpt":{"rendered":"<p>&#8220;Potremmo dire che finalmente la nostra richiesta \u00e8 stata soddisfatta e invece le dimissioni in blocco del CdA di Amam che, appunto, avevamo gi\u00e0 chiesto in tempi non sospetti e prima ancora dell&#8217;inizio della crisi idrica, le apprendiamo con moderata soddisfazione!&#8221;Lo affermano i consiglieri comunali di Fratelli d&#8217;Italia Libero Gioveni, Dario Carbone e Pasquale Curr\u00f3.&#8220;La [&hellip;]<\/p>\n","protected":false},"author":2,"featured_media":213789,"comment_status":"open","ping_status":"open","sticky":false,"template":"","format":"standard","meta":{"ub_ctt_via":"","_mi_skip_tracking":false},"categories":[6],"tags":[10575,2306],"featured_image_src":"https:\/\/www.messinaoggi.it\/website\/wp-content\/uploads\/2024\/10\/IMG-20241007-WA0037.jpg","author_info":{"display_name":"Redazione","author_link":"https:\/\/www.messinaoggi.it\/website\/author\/redazione\/"},"digistream_id":0,"digistream":false,"_links":{"self":[{"href":"https:\/\/www.messinaoggi.it\/website\/wp-json\/wp\/v2\/posts\/213788"}],"collection":[{"href":"https:\/\/www.messinaoggi.it\/website\/wp-json\/wp\/v2\/posts"}],"about":[{"href":"https:\/\/www.messinaoggi.it\/website\/wp-json\/wp\/v2\/types\/post"}],"author":[{"embeddable":true,"href":"https:\/\/www.messinaoggi.it\/website\/wp-json\/wp\/v2\/users\/2"}],"replies":[{"embeddable":true,"href":"https:\/\/www.messinaoggi.it\/website\/wp-json\/wp\/v2\/comments?post=213788"}],"version-history":[{"count":1,"href":"https:\/\/www.messinaoggi.it\/website\/wp-json\/wp\/v2\/posts\/213788\/revisions"}],"predecessor-version":[{"id":213790,"href":"https:\/\/www.messinaoggi.it\/website\/wp-json\/wp\/v2\/posts\/213788\/revisions\/213790"}],"wp:featuredmedia":[{"embeddable":true,"href":"https:\/\/www.messinaoggi.it\/website\/wp-json\/wp\/v2\/media\/213789"}],"wp:attachment":[{"href":"https:\/\/www.messinaoggi.it\/website\/wp-json\/wp\/v2\/media?parent=213788"}],"wp:term":[{"taxonomy":"category","embeddable":true,"href":"https:\/\/www.messinaoggi.it\/website\/wp-json\/wp\/v2\/categories?post=213788"},{"taxonomy":"post_tag","embeddable":true,"href":"https:\/\/www.messinaoggi.it\/website\/wp-json\/wp\/v2\/tags?post=213788"}],"curies":[{"name":"wp","href":"https:\/\/api.w.org\/{rel}","templated":true}]}}