{"id":213782,"date":"2024-10-08T08:55:41","date_gmt":"2024-10-08T06:55:41","guid":{"rendered":"http:\/\/www.messinaoggi.it\/website\/?p=213782"},"modified":"2024-10-08T08:55:42","modified_gmt":"2024-10-08T06:55:42","slug":"dimissioni-cda-amam-basile-comprendo-il-motivo","status":"publish","type":"post","link":"https:\/\/www.messinaoggi.it\/website\/2024\/10\/08\/dimissioni-cda-amam-basile-comprendo-il-motivo\/","title":{"rendered":"Dimissioni Cda Amam, Basile: &#8220;Comprendo il motivo&#8221;"},"content":{"rendered":"\n<p>\u201cPrendo atto delle dimissioni della Presidente e dell&#8217;intero Consiglio di Amministrazione di AMAM, comprendendone le ragioni, e le accetto con l&#8217;auspicio che questa scelta possa contribuire a sottrarre l&#8217;azienda dalle strumentalizzazioni politiche e mediatiche cui \u00e8 stata sottoposta negli ultimi tempi\u201d. Il sindaco Federico Basile commenta con queste parole le dimissioni dell\u2019organo amministrativo dell\u2019Azienda Meridionale Acque Messina. Le dimissioni sono pervenute in data odierna al protocollo dell\u2019ente con tre distinte note rispettivamente, della Presidente Loredana Bonasera e dei due Componenti Alessandra Franza e Adriano Grassi.<div id=\"div-gpt-ad-Messinaoggi.it-DSK-300x250-corpoart\" style=\"text-align:center;margin:0 auto;\"><\/div><\/p>\n\n\n\n<p>\u201cDesidero ringraziare AMAM &#8211; continua Basile &#8211; per il lavoro svolto, che ha permesso alla Citt\u00e0 di Messina di affrontare la crisi idrica regionale con efficacia e risultati concreti. In un contesto siciliano segnato da gravi difficolt\u00e0, Messina si \u00e8 distinta, grazie anche alla gestione dell&#8217;azienda, per aver saputo contenere l&#8217;emergenza e garantire l\u2019assistenza a quelle zone della citt\u00e0 che pi\u00f9 di altre hanno subito i disagi. Dispiace constatare che gli sforzi compiuti e i risultati raggiunti siano stati strumentalizzati politicamente, al punto da oscurare il fatto che, a differenza di altre realt\u00e0 regionali, Messina \u00e8 riuscita a garantire la distribuzione dell&#8217;acqua in quasi tutta la citt\u00e0, con disagi circoscritti a poche aree, che sono state e sono costantemente supportate.<div id=\"videoincontent\" style=\"clear:both\";><\/div><\/p>\n\n\n\n<p>Questo mentre le responsabilit\u00e0 regionali nella crisi idrica e nella mancata gestione sono evidenti e sotto gli occhi di tutti.<\/p>\n\n\n\n<p>La decisione dei vertici di AMAM punta dunque a permettere all&#8217;azienda di continuare il proprio lavoro, libera da strumentalizzazioni politiche. Il clima di sospetto e inquisizione che si era venuto a creare non giova certamente alla citt\u00e0, che ora pi\u00f9 che mai &#8211; conclude il Sindaco &#8211; ha bisogno di guardare avanti e proseguire nel percorso di superamento della crisi idrica. Sono certo di poter contare sul senso di responsabilit\u00e0 che ha sempre contraddistinto i vertici di AMAM nel guidare l&#8217;azienda verso una nuova governance\u201d.<\/p>\n","protected":false},"excerpt":{"rendered":"<p>\u201cPrendo atto delle dimissioni della Presidente e dell&#8217;intero Consiglio di Amministrazione di AMAM, comprendendone le ragioni, e le accetto con l&#8217;auspicio che questa scelta possa contribuire a sottrarre l&#8217;azienda dalle strumentalizzazioni politiche e mediatiche cui \u00e8 stata sottoposta negli ultimi tempi\u201d. Il sindaco Federico Basile commenta con queste parole le dimissioni dell\u2019organo amministrativo dell\u2019Azienda Meridionale [&hellip;]<\/p>\n","protected":false},"author":2,"featured_media":161043,"comment_status":"open","ping_status":"open","sticky":false,"template":"","format":"standard","meta":{"ub_ctt_via":"","_mi_skip_tracking":false},"categories":[6],"tags":[10573,611,2972,3487],"featured_image_src":"https:\/\/www.messinaoggi.it\/website\/wp-content\/uploads\/2023\/06\/356123920_262446529720307_6014471275378847525_n-e1688063528242.jpg","author_info":{"display_name":"Redazione","author_link":"https:\/\/www.messinaoggi.it\/website\/author\/redazione\/"},"digistream_id":0,"digistream":false,"_links":{"self":[{"href":"https:\/\/www.messinaoggi.it\/website\/wp-json\/wp\/v2\/posts\/213782"}],"collection":[{"href":"https:\/\/www.messinaoggi.it\/website\/wp-json\/wp\/v2\/posts"}],"about":[{"href":"https:\/\/www.messinaoggi.it\/website\/wp-json\/wp\/v2\/types\/post"}],"author":[{"embeddable":true,"href":"https:\/\/www.messinaoggi.it\/website\/wp-json\/wp\/v2\/users\/2"}],"replies":[{"embeddable":true,"href":"https:\/\/www.messinaoggi.it\/website\/wp-json\/wp\/v2\/comments?post=213782"}],"version-history":[{"count":1,"href":"https:\/\/www.messinaoggi.it\/website\/wp-json\/wp\/v2\/posts\/213782\/revisions"}],"predecessor-version":[{"id":213783,"href":"https:\/\/www.messinaoggi.it\/website\/wp-json\/wp\/v2\/posts\/213782\/revisions\/213783"}],"wp:featuredmedia":[{"embeddable":true,"href":"https:\/\/www.messinaoggi.it\/website\/wp-json\/wp\/v2\/media\/161043"}],"wp:attachment":[{"href":"https:\/\/www.messinaoggi.it\/website\/wp-json\/wp\/v2\/media?parent=213782"}],"wp:term":[{"taxonomy":"category","embeddable":true,"href":"https:\/\/www.messinaoggi.it\/website\/wp-json\/wp\/v2\/categories?post=213782"},{"taxonomy":"post_tag","embeddable":true,"href":"https:\/\/www.messinaoggi.it\/website\/wp-json\/wp\/v2\/tags?post=213782"}],"curies":[{"name":"wp","href":"https:\/\/api.w.org\/{rel}","templated":true}]}}