{"id":21368,"date":"2018-06-30T17:09:04","date_gmt":"2018-06-30T15:09:04","guid":{"rendered":"http:\/\/www.messinaoggi.it\/website\/?p=21368"},"modified":"2018-06-30T17:09:04","modified_gmt":"2018-06-30T15:09:04","slug":"de-luca-inizia-le-consultazioni-incontrati-14-consiglieri","status":"publish","type":"post","link":"https:\/\/www.messinaoggi.it\/website\/2018\/06\/30\/de-luca-inizia-le-consultazioni-incontrati-14-consiglieri\/","title":{"rendered":"De Luca inizia le consultazioni: incontrati 14 consiglieri"},"content":{"rendered":"<p style=\"text-align: justify\">Cateno De Luca inizia a lavorare per creare la propria maggioranza in Consiglio Comunale. Il sindaco ha incontrato oggi i primi 14 consiglieri comunali, registrando una grande disponibilit\u00e0 alla partecipazione del Governo della citt\u00e0. Il Sindaco De Luca ha iniziato alle ore 6 le sue consultazioni con i consiglieri comunali, per definire un patto di governo di Messina. Il primo a presentarsi a Palazzo Zanca \u00e8 stato il consigliere comunale Francesco Pagano della lista Ora Messina, seguito dal collega di lista Giandomenico La Fauci. Subito dopo il Sindaco ha incontrato i consiglieri di Forza Italia Giovanna Crif\u00f2 e Benedetto Vaccarino, che hanno richiesto ed ottenuto un confronto congiunto. A seguire \u00e8 stato il turno di Nicoletta D&#8217;Angelo, eletta nella lista Ora Messina. Il Gruppo consiliare del Movimento 5 Stelle si \u00e8 presentato con tutti i 7 consiglieri eletti: Gaetano Sciacca, Andrea Argento, Serena Giannetto, Paolo Mangano, Cristina Cannistr\u00e0, Giuseppe Schepis e Francesco Cipolla. Il giro di consultazioni si \u00e8 chiuso con il consigliere Pier Luigi Parisi, eletto nella lista di Forza Italia, e del collega di lista Ugo Zante, che si sono confrontati separatamente con il Sindaco.<div id=\"div-gpt-ad-Messinaoggi.it-DSK-300x250-corpoart\" style=\"text-align:center;margin:0 auto;\"><\/div><\/p>\n<p style=\"text-align: justify\">&#8220;Sono molto soddisfatto degli odierni confronti &#8211; ha dichiarato De Luca &#8211; basati sul reciproco rispetto e improntati alla definizione di un percorso condiviso per garantire alla citt\u00e0 quei provvedimenti indispensabili ed indifferibili finalizzati a ripristinare i livelli normali di vivibilit\u00e0 urbana. Sono sempre pi\u00f9 convinto che, nell&#8217;ambito dei consiglieri eletti, si troveranno le giuste convergenze per garantire stabilit\u00e0 politica alla citt\u00e0 di Messina essendo un consiglio comunale di alto profilo e di grande statura morale e politica. Confermo di non avere alcun interesse alle dinamiche inerenti le elezioni degli organi consiliari confidando nel grande senso di responsabilit\u00e0 di tutto il consesso consiliare nell&#8217;individuazione delle soluzioni di indiscusso prestigio e proficua collaborazione con gli organi di Governo della citt\u00e0. Nelle prossime settimane mi far\u00f2 promotore di un incontro con tutta la deputazione regionale e nazionale per definire congiuntamente un percorso di collaborazione inerente le molteplici criticit\u00e0 che vanno immediatamente affrontate, quali ad esempio, l&#8217;Autorit\u00e0 Portuale e la costituzione dell&#8217;Agenzia comunale del Risanamento&#8221;. Domani &#8211; ha concluso il Sindaco &#8211; gli incontri proseguiranno con gli altri consiglieri comunali, al fine di concludere questa prima fase di consultazione orientata anche alla reciproca personale conoscenza&#8221;.<div id=\"videoincontent\" style=\"clear:both\";><\/div><\/p>\n","protected":false},"excerpt":{"rendered":"<p>Cateno De Luca inizia a lavorare per creare la propria maggioranza in Consiglio Comunale. Il sindaco ha incontrato oggi i primi 14 consiglieri comunali, registrando una grande disponibilit\u00e0 alla partecipazione del Governo della citt\u00e0. Il Sindaco De Luca ha iniziato alle ore 6 le sue consultazioni con i consiglieri comunali, per definire un patto di [&hellip;]<\/p>\n","protected":false},"author":14,"featured_media":21185,"comment_status":"closed","ping_status":"open","sticky":false,"template":"","format":"standard","meta":{"ub_ctt_via":"","_mi_skip_tracking":false},"categories":[6],"tags":[],"featured_image_src":"https:\/\/www.messinaoggi.it\/website\/wp-content\/uploads\/2018\/06\/De-Luca-prima-di-entrare-nelle-stanze-amministrative-messinaoggiMarcyRuggi-1.jpg","author_info":{"display_name":"Antonio Macauda","author_link":"https:\/\/www.messinaoggi.it\/website\/author\/a-macauda\/"},"digistream_id":0,"digistream":false,"_links":{"self":[{"href":"https:\/\/www.messinaoggi.it\/website\/wp-json\/wp\/v2\/posts\/21368"}],"collection":[{"href":"https:\/\/www.messinaoggi.it\/website\/wp-json\/wp\/v2\/posts"}],"about":[{"href":"https:\/\/www.messinaoggi.it\/website\/wp-json\/wp\/v2\/types\/post"}],"author":[{"embeddable":true,"href":"https:\/\/www.messinaoggi.it\/website\/wp-json\/wp\/v2\/users\/14"}],"replies":[{"embeddable":true,"href":"https:\/\/www.messinaoggi.it\/website\/wp-json\/wp\/v2\/comments?post=21368"}],"version-history":[{"count":0,"href":"https:\/\/www.messinaoggi.it\/website\/wp-json\/wp\/v2\/posts\/21368\/revisions"}],"wp:featuredmedia":[{"embeddable":true,"href":"https:\/\/www.messinaoggi.it\/website\/wp-json\/wp\/v2\/media\/21185"}],"wp:attachment":[{"href":"https:\/\/www.messinaoggi.it\/website\/wp-json\/wp\/v2\/media?parent=21368"}],"wp:term":[{"taxonomy":"category","embeddable":true,"href":"https:\/\/www.messinaoggi.it\/website\/wp-json\/wp\/v2\/categories?post=21368"},{"taxonomy":"post_tag","embeddable":true,"href":"https:\/\/www.messinaoggi.it\/website\/wp-json\/wp\/v2\/tags?post=21368"}],"curies":[{"name":"wp","href":"https:\/\/api.w.org\/{rel}","templated":true}]}}