{"id":213672,"date":"2024-10-07T11:05:37","date_gmt":"2024-10-07T09:05:37","guid":{"rendered":"https:\/\/www.messinaoggi.it\/website\/2024\/10\/07\/ius-scholae-malan-spunti-interessanti-se-ne-puo-discutere\/"},"modified":"2024-10-07T15:09:51","modified_gmt":"2024-10-07T13:09:51","slug":"ius-scholae-malan-spunti-interessanti-se-ne-puo-discutere","status":"publish","type":"post","link":"https:\/\/www.messinaoggi.it\/website\/2024\/10\/07\/ius-scholae-malan-spunti-interessanti-se-ne-puo-discutere\/","title":{"rendered":"Ius Scholae, Malan \u201cSpunti interessanti, se ne pu\u00f2 discutere\u201d"},"content":{"rendered":"<div>ROMA (ITALPRESS) &#8211; &#8220;La proposta di FI sullo Ius Scholae ha diversi spunti interessanti, se ne pu\u00f2 discutere&#8221;. Lo dice il capogruppo di Fratelli d&#8217;Italia al Senato, Lucio Malan, in un&#8217;intervista al quotidiano La Repubblica.<br \/>&#8220;Non sono riuscito a leggere la proposta nel suo complesso, ma ci sono spunti interessanti, che analizzeremo. Non \u00e8 assolutamente una riforma devastante, sono proposte di aggiustamento delle attuali norme, non solo sulla scuola. Mi sembra giusta anche la parte in cui si mette un limite al diritto di avere la cittadinanza italiana se discendenti da italiani: il legame dev&#8217;essere reale&#8221;, spiega Malan, che alla domanda se ci sia un no a priori a discuterne risponde: &#8220;Assolutamente no&#8221;.<br \/>Quanto all&#8217;autonomia differenziata, per il capogruppo di Fdi al Senato &#8220;le critiche attorno alla riforma sono basate su uno spauracchio: dicono che l&#8217;unit\u00e0 d&#8217;Italia sia in pericolo, che ci saranno quelli che staranno meglio e quelli che staranno peggio, come se non fosse gi\u00e0 una realt\u00e0 consolidata. Vorrei capire perch\u00e8 mai se la Lombardia esercita alcune funzioni in pi\u00f9 potrebbe danneggiare la Sicilia. In ogni caso, non \u00e8 che chiunque potr\u00e0 fare qualunque cosa, una Regione non pu\u00f2 svegliarsi e chiedere, faccio un esempio, di gestire la Difesa. La legge e la Costituzione prevedono un controllo del Parlamento&#8221;.<div id=\"div-gpt-ad-Messinaoggi.it-DSK-300x250-corpoart\" style=\"text-align:center;margin:0 auto;\"><\/div><\/p>\n<p>&#8211; Foto Agenzia Fotogramma &#8211;<div id=\"videoincontent\" style=\"clear:both\";><\/div><\/p>\n<p>(ITALPRESS).<\/p><\/div>\n","protected":false},"excerpt":{"rendered":"<p>ROMA (ITALPRESS) &#8211; &#8220;La proposta di FI sullo Ius Scholae ha diversi spunti interessanti, se ne pu\u00f2 discutere&#8221;. Lo dice il capogruppo di Fratelli d&#8217;Italia al Senato, Lucio Malan, in un&#8217;intervista al quotidiano La Repubblica.&#8220;Non sono riuscito a leggere la proposta nel suo complesso, ma ci sono spunti interessanti, che analizzeremo. Non \u00e8 assolutamente una [&hellip;]<\/p>\n","protected":false},"author":18,"featured_media":213673,"comment_status":"closed","ping_status":"closed","sticky":false,"template":"","format":"standard","meta":{"ub_ctt_via":"","_mi_skip_tracking":false},"categories":[446,4],"tags":[783],"featured_image_src":"https:\/\/www.messinaoggi.it\/website\/wp-content\/uploads\/2024\/10\/20241007_0142.jpg","author_info":{"display_name":"Admin","author_link":"https:\/\/www.messinaoggi.it\/website\/author\/admin\/"},"digistream_id":0,"digistream":false,"_links":{"self":[{"href":"https:\/\/www.messinaoggi.it\/website\/wp-json\/wp\/v2\/posts\/213672"}],"collection":[{"href":"https:\/\/www.messinaoggi.it\/website\/wp-json\/wp\/v2\/posts"}],"about":[{"href":"https:\/\/www.messinaoggi.it\/website\/wp-json\/wp\/v2\/types\/post"}],"author":[{"embeddable":true,"href":"https:\/\/www.messinaoggi.it\/website\/wp-json\/wp\/v2\/users\/18"}],"replies":[{"embeddable":true,"href":"https:\/\/www.messinaoggi.it\/website\/wp-json\/wp\/v2\/comments?post=213672"}],"version-history":[{"count":1,"href":"https:\/\/www.messinaoggi.it\/website\/wp-json\/wp\/v2\/posts\/213672\/revisions"}],"predecessor-version":[{"id":213700,"href":"https:\/\/www.messinaoggi.it\/website\/wp-json\/wp\/v2\/posts\/213672\/revisions\/213700"}],"wp:featuredmedia":[{"embeddable":true,"href":"https:\/\/www.messinaoggi.it\/website\/wp-json\/wp\/v2\/media\/213673"}],"wp:attachment":[{"href":"https:\/\/www.messinaoggi.it\/website\/wp-json\/wp\/v2\/media?parent=213672"}],"wp:term":[{"taxonomy":"category","embeddable":true,"href":"https:\/\/www.messinaoggi.it\/website\/wp-json\/wp\/v2\/categories?post=213672"},{"taxonomy":"post_tag","embeddable":true,"href":"https:\/\/www.messinaoggi.it\/website\/wp-json\/wp\/v2\/tags?post=213672"}],"curies":[{"name":"wp","href":"https:\/\/api.w.org\/{rel}","templated":true}]}}