{"id":213526,"date":"2024-10-05T09:17:49","date_gmt":"2024-10-05T07:17:49","guid":{"rendered":"http:\/\/www.messinaoggi.it\/website\/?p=213526"},"modified":"2024-10-05T09:17:49","modified_gmt":"2024-10-05T07:17:49","slug":"liquidazione-ente-fiera-sciotto-bene-impegno-tamajo","status":"publish","type":"post","link":"https:\/\/www.messinaoggi.it\/website\/2024\/10\/05\/liquidazione-ente-fiera-sciotto-bene-impegno-tamajo\/","title":{"rendered":"Liquidazione Ente Fiera, Sciotto: &#8220;Bene impegno Tamajo&#8221;"},"content":{"rendered":"\n<p>Il deputato regionale Matteo Sciotto, insieme ai colleghi di Sud Chiama Nord, esprime parziale soddisfazione per la risposta ricevuta dall&#8217;Assessore regionale alle Attivit\u00e0 Produttive, Edy Tamajo, riguardo all&#8217;interrogazione sulla liquidazione dell&#8217;Ente Autonomo Fiera di Messina.<div id=\"div-gpt-ad-Messinaoggi.it-DSK-300x250-corpoart\" style=\"text-align:center;margin:0 auto;\"><\/div><\/p>\n\n\n\n<p><br>L&#8217;Assessore ha confermato che l&#8217;Ente Fiera si trova in uno stato di insolvenza conclamata e che, gi\u00e0 nel 2020, era stata proposta la liquidazione coatta amministrativa, mai attuata per mancanza di fondi. Nel marzo 2023, \u00e8 stato nominato un Commissario liquidatore, il Dott. Alessandro Lazzara, il quale ha successivamente confermato che l&#8217;ente \u00e8 privo di risorse e che i beni immobili sono passati sotto il controllo dell&#8217;Autorit\u00e0 Portuale dello Stretto.<br>&#8220;Apprendiamo con piacere che l&#8217;assessore Tamaio ha preso l&#8217;impegno a sottoporre alla Giunta di Governo la proposta di liquidazione coatta amministrativa dell&#8217;Ente Fiera di Messina per le successive determinazioni.<br>Riattivare il percorso per la liquidazione coatta amministrativa \u00e8 un passo necessario per consentire\u00a0 di tutelare i diritti degli ex dipendenti, che potranno accedere al fondo di garanzia per i crediti di lavoro non corrisposti. La nostra battaglia non si ferma qui: continueremo a vigilare affinch\u00e9 le procedure vengano attivate e si concludano nel pi\u00f9 breve tempo possibile, garantendo giustizia a chi \u00e8 rimasto senza tutele per troppo tempo&#8221;.<div id=\"videoincontent\" style=\"clear:both\";><\/div><\/p>\n\n\n\n<figure class=\"wp-block-image size-large is-resized\"><img loading=\"lazy\" src=\"http:\/\/www.messinaoggi.it\/website\/wp-content\/uploads\/2023\/08\/Matteo-Sciotto.jpg\" alt=\"Matteo Sciotto\" class=\"wp-image-165714\" width=\"578\" height=\"578\" srcset=\"https:\/\/www.messinaoggi.it\/website\/wp-content\/uploads\/2023\/08\/Matteo-Sciotto.jpg 450w, https:\/\/www.messinaoggi.it\/website\/wp-content\/uploads\/2023\/08\/Matteo-Sciotto-300x300.jpg 300w, https:\/\/www.messinaoggi.it\/website\/wp-content\/uploads\/2023\/08\/Matteo-Sciotto-150x150.jpg 150w\" sizes=\"(max-width: 578px) 100vw, 578px\" \/><figcaption><strong>Il parlamentare regionale Matteo Sciotto<\/strong><\/figcaption><\/figure>\n","protected":false},"excerpt":{"rendered":"<p>Il deputato regionale Matteo Sciotto, insieme ai colleghi di Sud Chiama Nord, esprime parziale soddisfazione per la risposta ricevuta dall&#8217;Assessore regionale alle Attivit\u00e0 Produttive, Edy Tamajo, riguardo all&#8217;interrogazione sulla liquidazione dell&#8217;Ente Autonomo Fiera di Messina. L&#8217;Assessore ha confermato che l&#8217;Ente Fiera si trova in uno stato di insolvenza conclamata e che, gi\u00e0 nel 2020, era [&hellip;]<\/p>\n","protected":false},"author":2,"featured_media":2467,"comment_status":"open","ping_status":"open","sticky":false,"template":"","format":"standard","meta":{"ub_ctt_via":"","_mi_skip_tracking":false},"categories":[6],"tags":[10544,3770,6684],"featured_image_src":"https:\/\/www.messinaoggi.it\/website\/wp-content\/uploads\/2017\/06\/fiera-messina_3056-2.jpg","author_info":{"display_name":"Redazione","author_link":"https:\/\/www.messinaoggi.it\/website\/author\/redazione\/"},"digistream_id":0,"digistream":false,"_links":{"self":[{"href":"https:\/\/www.messinaoggi.it\/website\/wp-json\/wp\/v2\/posts\/213526"}],"collection":[{"href":"https:\/\/www.messinaoggi.it\/website\/wp-json\/wp\/v2\/posts"}],"about":[{"href":"https:\/\/www.messinaoggi.it\/website\/wp-json\/wp\/v2\/types\/post"}],"author":[{"embeddable":true,"href":"https:\/\/www.messinaoggi.it\/website\/wp-json\/wp\/v2\/users\/2"}],"replies":[{"embeddable":true,"href":"https:\/\/www.messinaoggi.it\/website\/wp-json\/wp\/v2\/comments?post=213526"}],"version-history":[{"count":1,"href":"https:\/\/www.messinaoggi.it\/website\/wp-json\/wp\/v2\/posts\/213526\/revisions"}],"predecessor-version":[{"id":213527,"href":"https:\/\/www.messinaoggi.it\/website\/wp-json\/wp\/v2\/posts\/213526\/revisions\/213527"}],"wp:featuredmedia":[{"embeddable":true,"href":"https:\/\/www.messinaoggi.it\/website\/wp-json\/wp\/v2\/media\/2467"}],"wp:attachment":[{"href":"https:\/\/www.messinaoggi.it\/website\/wp-json\/wp\/v2\/media?parent=213526"}],"wp:term":[{"taxonomy":"category","embeddable":true,"href":"https:\/\/www.messinaoggi.it\/website\/wp-json\/wp\/v2\/categories?post=213526"},{"taxonomy":"post_tag","embeddable":true,"href":"https:\/\/www.messinaoggi.it\/website\/wp-json\/wp\/v2\/tags?post=213526"}],"curies":[{"name":"wp","href":"https:\/\/api.w.org\/{rel}","templated":true}]}}