{"id":21342,"date":"2018-06-30T06:46:39","date_gmt":"2018-06-30T04:46:39","guid":{"rendered":"http:\/\/www.messinaoggi.it\/website\/?p=21342"},"modified":"2018-06-30T06:46:39","modified_gmt":"2018-06-30T04:46:39","slug":"agosto-in-fiera-il-bando-ce-ma-de-luca-guarda-avanti-puntiamo-allaffidamento-al-comune","status":"publish","type":"post","link":"https:\/\/www.messinaoggi.it\/website\/2018\/06\/30\/agosto-in-fiera-il-bando-ce-ma-de-luca-guarda-avanti-puntiamo-allaffidamento-al-comune\/","title":{"rendered":"Agosto in Fiera, il bando c&#039;\u00e8 ma De Luca guarda avanti: &quot;Puntiamo all&#039;affidamento al Comune&quot;"},"content":{"rendered":"<p style=\"text-align: justify;\">Il tempo a disposizione non \u00e8 molto, ma la Giunta De Luca si \u00e8 gi\u00e0 messa al lavoro per garantire il regolare svolgimento delle manifestazione agostane, vero e proprio appuntamento abituale per i messinesi. L\u2019amministrazione si \u00e8 insediata questa settimana, quindi sar\u00e0 difficile potersi aspettare clamorosi stravolgimenti rispetto alle passate edizioni dell\u2019Agosto messinese. Uno dei classici appuntamenti \u00e8 quello con Fiera, visto che l\u2019amministrazione comunale e l\u2019Autorit\u00e0 Portuale hanno gi\u00e0 iniziato a collaborare affinch\u00e8 anche quest\u2019anno si possa consumare questa nuova edizione. Lo spazio fieristico aprir\u00e0 i battenti, il quando non si sa ancora, quali attrattive ci saranno al suo interno non \u00e8 dato saperlo, ma intanto il primo passo \u00e8 stato fatto.<div id=\"div-gpt-ad-Messinaoggi.it-DSK-300x250-corpoart\" style=\"text-align:center;margin:0 auto;\"><\/div><\/p>\n<p style=\"text-align: justify;\">Nella giornata di gioved\u00ec il sindaco De Luca, insieme al commissario dell\u2019Authority Antonino De Simone, ha firmato il bando per l\u2019apertura dello spazio fieristico dall\u20191 al 30 agosto, in questo lasso di tempo si svolger\u00e0 il canonico appuntamento con la Fiera. Ancora qualche giorno e tutte le aziende interessate ad occupare uno stend potranno avanzare le proprie richieste, cos\u00ec come tutte le societ\u00e0 interessate a proporre attivit\u00e0 extracommerciali, come musica o giochi. Inoltre esiste anche la possibilit\u00e0 di poter realizzare queste attivit\u00e0 anche dopo la scadenza del 30 agosto, ricevendo l\u2019autorizzazione della societ\u00e0 che sta realizzando gli interventi di manutenzione all\u2019interno della cittadella.<div id=\"videoincontent\" style=\"clear:both\";><\/div><\/p>\n<p style=\"text-align: justify;\">Il sindaco, Cateno De Luca annuncia: \u201cAbbiamo preso atto del bando che era gi\u00e0 stato predisposto dall\u2019Autorit\u00e0 Portuale, ci\u00f2 non tocca la nostra prospettiva politica, vale a dire la presa a carico della cittadella fieristica da parte del Comune di Messina. Ne abbiamo gi\u00e0 iniziato a parlare e guardare il quadro normativo, c\u2019\u00e8 la possibilit\u00e0 da parte dell\u2019ente comunale di non pagare il canone per qualche anno, tra dieci giorni incontreremo un\u2019altra volta l\u2019Autorit\u00e0 Portuale affinch\u00e8 si parli con maggiore attenzione di questo aspetto\u201d.<\/p>\n<p style=\"text-align: justify;\">Per il commissario De Simone \u201csiamo davanti ad un passaggio normale, esattamente come accaduto gli altri anni abbiamo pubblicato questo bando che rappresenta un po\u2019 un mandato esplorativo per tutte quelle realt\u00e0 interessate all\u2019occupazione degli spazi fieristici. Abbiamo dato la possibilit\u00e0, a chiunque voglia organizzare spettacoli all\u2019interno dell\u2019area, di farlo anche oltre 30 agosto, ma serve l\u2019autorizzazione della ditta che sta svolgendo gli interventi di messa in sicurezza. Dall\u2019inizio della prossima settimana, per i quindici giorni successivi, si potranno avanzare le domande\u201d.<\/p>\n","protected":false},"excerpt":{"rendered":"<p>Il tempo a disposizione non \u00e8 molto, ma la Giunta De Luca si \u00e8 gi\u00e0 messa al lavoro per garantire il regolare svolgimento delle manifestazione agostane, vero e proprio appuntamento abituale per i messinesi. L\u2019amministrazione si \u00e8 insediata questa settimana, quindi sar\u00e0 difficile potersi aspettare clamorosi stravolgimenti rispetto alle passate edizioni dell\u2019Agosto messinese. Uno dei [&hellip;]<\/p>\n","protected":false},"author":14,"featured_media":21232,"comment_status":"closed","ping_status":"open","sticky":false,"template":"","format":"standard","meta":{"ub_ctt_via":"","_mi_skip_tracking":false},"categories":[6],"tags":[],"featured_image_src":"https:\/\/www.messinaoggi.it\/website\/wp-content\/uploads\/2018\/06\/De-Luca-Cateno-con-tricolore-durante-interviste-video-messinaoggiMarcyRuggi-1.jpg","author_info":{"display_name":"Antonio Macauda","author_link":"https:\/\/www.messinaoggi.it\/website\/author\/a-macauda\/"},"digistream_id":0,"digistream":false,"_links":{"self":[{"href":"https:\/\/www.messinaoggi.it\/website\/wp-json\/wp\/v2\/posts\/21342"}],"collection":[{"href":"https:\/\/www.messinaoggi.it\/website\/wp-json\/wp\/v2\/posts"}],"about":[{"href":"https:\/\/www.messinaoggi.it\/website\/wp-json\/wp\/v2\/types\/post"}],"author":[{"embeddable":true,"href":"https:\/\/www.messinaoggi.it\/website\/wp-json\/wp\/v2\/users\/14"}],"replies":[{"embeddable":true,"href":"https:\/\/www.messinaoggi.it\/website\/wp-json\/wp\/v2\/comments?post=21342"}],"version-history":[{"count":0,"href":"https:\/\/www.messinaoggi.it\/website\/wp-json\/wp\/v2\/posts\/21342\/revisions"}],"wp:featuredmedia":[{"embeddable":true,"href":"https:\/\/www.messinaoggi.it\/website\/wp-json\/wp\/v2\/media\/21232"}],"wp:attachment":[{"href":"https:\/\/www.messinaoggi.it\/website\/wp-json\/wp\/v2\/media?parent=21342"}],"wp:term":[{"taxonomy":"category","embeddable":true,"href":"https:\/\/www.messinaoggi.it\/website\/wp-json\/wp\/v2\/categories?post=21342"},{"taxonomy":"post_tag","embeddable":true,"href":"https:\/\/www.messinaoggi.it\/website\/wp-json\/wp\/v2\/tags?post=21342"}],"curies":[{"name":"wp","href":"https:\/\/api.w.org\/{rel}","templated":true}]}}