{"id":213197,"date":"2024-10-03T11:56:21","date_gmt":"2024-10-03T09:56:21","guid":{"rendered":"http:\/\/www.messinaoggi.it\/website\/?p=213197"},"modified":"2024-10-03T11:56:23","modified_gmt":"2024-10-03T09:56:23","slug":"messinaservizi-inizia-la-disinfestazione-contro-insetti-e-zanzare","status":"publish","type":"post","link":"https:\/\/www.messinaoggi.it\/website\/2024\/10\/03\/messinaservizi-inizia-la-disinfestazione-contro-insetti-e-zanzare\/","title":{"rendered":"Messinaservizi inizia la disinfestazione contro insetti e zanzare"},"content":{"rendered":"\n<p>Messina Servizi Bene Comune comunica l&#8217;inizio del terzo ciclo disinfestazione contro insetti nocivi e zanzare da domani sera\u00a0fino a marted\u00ec 8 ottobre 2024 in tutta la citt\u00e0. <div id=\"div-gpt-ad-Messinaoggi.it-DSK-300x250-corpoart\" style=\"text-align:center;margin:0 auto;\"><\/div><\/p>\n\n\n\n<p>Ecco il calendario di come si eseguir\u00e0 la disinfestazione: Area Centro 1\u00b0 giorno alle ore 22:00 d\u00ec Gioved\u00ec 3 Ottobre 2024 S. Paolo, Messina Due, Villa Contino, Fondo Pugliatti, via La Farina (da viale Europa a Piazza Stazione), viale Europa, Salita Camaro, Piazza Stazione, via Padre Ruggeri (Camaro), Complesso Mito, Via Salandra, Piscina comunale, Provinciale, Valle degli Angeli, via Tranquilla, via Candore, via S. Cosimo (parte alta), S. Paolo (casette), via del Santo (interno), Fondo Pugliatti (interno), Salita Montesanto, Case Vecchio Macello., via La Farina (da Ponte Gazzi a Viale Europa), Via del Santo, Via Palmara.\u00a0<div id=\"videoincontent\" style=\"clear:both\";><\/div><\/p>\n\n\n\n<p>2\u00b0 giorno dalle ore 22 di venerd\u00ec 4 ottobre 2024. Via La Farina (fino incrocio T. Cannizzaro), via Croce Rossa, Gravitelli (case popolari), Montepiselli, Bisconte, Cataratti, via Polveriera, via S. Marta (interno), Camaro S. Luigi, via S. Marta, S. Paolino, via del Carmine, Piazza del Popolo, Via Tommaso Cannizzaro alta e bassa, via C. Battisti, viale S. Martino (mare \/monte), Piazza Cairoli, Cortina del Porto (fino viale Giostra), Via Romagnosi, Centro storico, Municipio, via XXIV Maggio, Scalinate via XXIV Maggio, zona Montalto, Via Roccaguelfonia, Circonvallazione, via Carrai, via Gagini, via S. Giovanni di Malta, S. Giovanni Decollato, viale Boccetta, Scalinate viale Boccetta, Corso Cavour, Muricello, Boer, via Palermo (fino Circonvallazione), viale Giostra, (da Circonvallazione a Viale della Libert\u00e0).\u00a0<\/p>\n\n\n\n<p>Area Nord 1\u00b0 giorno alle ore 22:00 d\u00ec Gioved\u00ec 3 Ottobre 2024. Torrente Trapani (da incrocio V.le Margherita al santuario Madonna di Trapani), V.le R. Margherita (dal torrente Trapani all\u2019incrocio Via Palermo), Via Palermo (dall\u2019incrocio Viale R. Elena a Centro Neurolesi),V.le Giostra, S. Michele, Ritiro, Q.to Manzoni, S. Chiara, Villa Lina, S.Jachiddu, Tremonti, Villaggio Svizzero, V.le R. Elena, Fornaci Alte e Base, Viale della Libert\u00e0 (fino incrocio Annunziata), S. Licandro, Annunziata (fino a Campo Italia), Annunziata (lato DX fino a C.da Citola), Via Umberto Fiore, Conca D\u2019oro, Villaggio Matteotti, Nuova Panoramica dello Stretto (fino a Granatari).\u00a0<\/p>\n\n\n\n<p>2\u00b0 giorno dalle ore 22 di venerd\u00ec 4 ottobre 2024. Torrente Pace, Via Consolare Pompea, Torrente Guardia. Ganzirri, Torre Faro, Granatari, Mortelle, S. 113, Acqualadroni, Spart\u00e0, San Saba, Rodia, Orto Liuzzo, Salice, Masse (S. Giorgio, S. Giovanni, S. Lucia e S. Nicola), Gesso, Castanea, Curcuraci, Marotta, Faro Superiore, Sperone.\u00a0<\/p>\n\n\n\n<p>Area Sud 1\u00b0 giorno alle ore 22:00 d\u00ec luned\u00ec 7 Ottobre 2024 Altolia, Molino, Giampilieri Sup., Giampilieri Marina, S. Paolo Briga, Briga Sup., Pezzolo, Ponte Schiavo, Runci, S. Margherita, S.S. 114 (da via Bonino a Giampilieri), Mili Marina, Mili S. Marco, Mili S. Pietro, Galati Marina, Galati S. Anna, Galati S. Lucia, S. Stefano Briga, S. Stefano Medio, S. Margherita Sup., S.Lucia S.C., Piano di Zona, Case Arcobaleno, via Contesse, Villaggio UNRRA, via Marco Polo, Pistunina, Tremestieri. Larderia Inf., Larderia Sup. Tipoldo, Zafferia, S. Filippo Inf., S. Filippo Sup., Piano Stella, S. Giovannello<\/p>\n","protected":false},"excerpt":{"rendered":"<p>Messina Servizi Bene Comune comunica l&#8217;inizio del terzo ciclo disinfestazione contro insetti nocivi e zanzare da domani sera\u00a0fino a marted\u00ec 8 ottobre 2024 in tutta la citt\u00e0. Ecco il calendario di come si eseguir\u00e0 la disinfestazione: Area Centro 1\u00b0 giorno alle ore 22:00 d\u00ec Gioved\u00ec 3 Ottobre 2024 S. Paolo, Messina Due, Villa Contino, Fondo [&hellip;]<\/p>\n","protected":false},"author":15,"featured_media":213200,"comment_status":"open","ping_status":"open","sticky":false,"template":"","format":"standard","meta":{"ub_ctt_via":"","_mi_skip_tracking":false},"categories":[5,6],"tags":[2145,1553,2367],"featured_image_src":"https:\/\/www.messinaoggi.it\/website\/wp-content\/uploads\/2024\/10\/disinfestazione-1.jpg","author_info":{"display_name":"red.me","author_link":"https:\/\/www.messinaoggi.it\/website\/author\/red-me\/"},"digistream_id":0,"digistream":false,"_links":{"self":[{"href":"https:\/\/www.messinaoggi.it\/website\/wp-json\/wp\/v2\/posts\/213197"}],"collection":[{"href":"https:\/\/www.messinaoggi.it\/website\/wp-json\/wp\/v2\/posts"}],"about":[{"href":"https:\/\/www.messinaoggi.it\/website\/wp-json\/wp\/v2\/types\/post"}],"author":[{"embeddable":true,"href":"https:\/\/www.messinaoggi.it\/website\/wp-json\/wp\/v2\/users\/15"}],"replies":[{"embeddable":true,"href":"https:\/\/www.messinaoggi.it\/website\/wp-json\/wp\/v2\/comments?post=213197"}],"version-history":[{"count":2,"href":"https:\/\/www.messinaoggi.it\/website\/wp-json\/wp\/v2\/posts\/213197\/revisions"}],"predecessor-version":[{"id":213199,"href":"https:\/\/www.messinaoggi.it\/website\/wp-json\/wp\/v2\/posts\/213197\/revisions\/213199"}],"wp:featuredmedia":[{"embeddable":true,"href":"https:\/\/www.messinaoggi.it\/website\/wp-json\/wp\/v2\/media\/213200"}],"wp:attachment":[{"href":"https:\/\/www.messinaoggi.it\/website\/wp-json\/wp\/v2\/media?parent=213197"}],"wp:term":[{"taxonomy":"category","embeddable":true,"href":"https:\/\/www.messinaoggi.it\/website\/wp-json\/wp\/v2\/categories?post=213197"},{"taxonomy":"post_tag","embeddable":true,"href":"https:\/\/www.messinaoggi.it\/website\/wp-json\/wp\/v2\/tags?post=213197"}],"curies":[{"name":"wp","href":"https:\/\/api.w.org\/{rel}","templated":true}]}}