{"id":2131,"date":"2017-06-06T13:16:50","date_gmt":"2017-06-06T11:16:50","guid":{"rendered":"http:\/\/www.messinaoggi.it\/website\/?p=2131"},"modified":"2017-06-06T13:16:50","modified_gmt":"2017-06-06T11:16:50","slug":"inaugurato-il-gruppo-scultoreo-dal-titolo-luniverso-della-luce-la-pace-realizzato-dallartista-mariano-pietrini","status":"publish","type":"post","link":"https:\/\/www.messinaoggi.it\/website\/2017\/06\/06\/inaugurato-il-gruppo-scultoreo-dal-titolo-luniverso-della-luce-la-pace-realizzato-dallartista-mariano-pietrini\/","title":{"rendered":"Inaugurato il gruppo scultoreo realizzato dall&#039;artista Mariano Pietrini"},"content":{"rendered":"<p style=\"text-align: justify;\">Grandissime emozioni e tanta commozione hanno caratterizzato l\u2019inaugurazione del gruppo scultoreo dal titolo &#8220;L&#8217;Universo della Luce, la Pace&#8221;, avvenuta domenica scorsa, realizzato da Mariano Pietrini, pittore, scultore e poeta barcellonese recentemente scomparso. L\u2019evento giunge al termine di un\u2019intensa settimana contraddistinta da una serie di iniziative che hanno spaziato dall&#8217;arte allo sport.<div id=\"div-gpt-ad-Messinaoggi.it-DSK-300x250-corpoart\" style=\"text-align:center;margin:0 auto;\"><\/div><\/p>\n<p style=\"text-align: justify;\">L&#8217;installazione dell&#8217;opera, che sorge in una delle grandi aiuole del Teatro Mandanici, all\u2019interno della villa comunale Primo Levi, risale al 2013 ed evoca significati trascendenti &#8220;un rapporto continuo con Dio e con la natura&#8221;, per dirla con le parole della poetessa Graziella Lo Vano.<div id=\"videoincontent\" style=\"clear:both\";><\/div><\/p>\n<p style=\"text-align: justify;\">All&#8217;inaugurazione hanno partecipato il sindaco Roberto Materia, gli assessori comunali Ilenia Torre, Giusi Italiano, Angelo Paride Pino, Gianluca Sidoti e i familiari dell&#8217;artista.<\/p>\n<p style=\"text-align: justify;\">&#8220;E&#8217; un giorno importante per tutta la citt\u00e0. Anche se fisicamente non \u00e8 pi\u00f9 tra noi, le sue opere parlano per lui &#8211; ha affermato il primo cittadino ricordando Mariano Pietrini -. Gli siamo tutti riconoscenti: per la sua maestria, il suo talento e il suo desiderio di immaginare, attraverso l&#8217;arte, un mondo migliore&#8221;.<\/p>\n<p style=\"text-align: justify;\">L&#8217;aiuola che circonda il gruppo di sculture \u00e8 stata simbolicamente &#8220;adottata&#8221; dall&#8217;Associazione artistica culturale &#8220;A Rocca&#8221;, EProjectConsult e dal Parco Museo Jalari.<\/p>\n<p style=\"text-align: justify;\">Il taglio del nastro \u00e8 stato preceduto da alcuni passaggi altrettanto significativi; la cerimonia si \u00e8 aperta con un momento musicale, in cui il cantastorie Nino Pracanica ha declamato alcune poesie di Pietrini, a seguire la benedizione della scultura da parte di don Vincenzo Puccio della parrocchia di Santa Venera. Infine, la scopertura del pannello esplicativo dell&#8217;opera, un gesto simbolico compiuto da Gisella Chiofalo, moglie del compianto artista.<\/p>\n<p style=\"text-align: justify;\"><img loading=\"lazy\" class=\"alignnone wp-image-2133\" src=\"http:\/\/www.messinaoggi.it\/website\/wp-content\/uploads\/2017\/06\/Pannello-descrittivo-sculture-mariano-pietrini-300x200.jpg\" alt=\"\" width=\"534\" height=\"356\" \/><\/p>\n<p style=\"text-align: justify;\">Al termine della cerimonia si \u00e8 svolta la premiazione del Memorial di calcio organizzato allo stadio Barone-D&#8217;Alcontres per ricordare i brillanti trascorsi calcistici di Pietrini, bandiera dell&#8217;Igea Virtus e della Pro Barcellona. Il torneo, riservato alla categoria pulcini, si \u00e8 concluso con la vittoria della New Eagles 2000 di Galati Mamertino, che ha battuto in finale la Promosport di Barcellona Pozzo di Gotto. Al terzo posto l&#8217;Orsa, altra storica formazione del Longano, e al quarto la Folgore Milazzo. A consegnare i trofei e le medaglie ricordo sono stati, tra gli altri, Santino Buglisi, del Comitato regionale Figc, Nino Grasso, presidente dell&#8217;Igea Virtus, e Matteo Milioti, vicepresidente dell&#8217;Ordine dei Dottori commercialisti ed Esperti contabili di Barcellona.<\/p>\n<p style=\"text-align: justify;\">&#8220;Un artista originale, che ha studiato tutta l&#8217;arte del &#8216;900 per poi creare un suo stile, lo <em>stile Jalari<\/em>: una fusione di forme diverse rivisitate in modo personale&#8221;, cos\u00ec lo ha ricordato Andrea Italiano, critico d&#8217;arte e membro del direttivo della Pro Loco &#8220;A. Manganaro&#8221;.<\/p>\n<p style=\"text-align: justify;\">Grande affluenza di pubblico hanno fatto registrare le mostre allestite al Parco Museo Jalari, al Villino Liberty, presso la Galleria PROgetto CITT\u00c0 e la Galleria d&#8217;arte dell&#8217;ex Pescheria. Molto partecipato il convegno di sabato scorso dal titolo &#8220;Mariano Pietrini e l&#8217;arte contemporanea nello sviluppo culturale del Territorio&#8221;, che ha visto intervenire nella sala congressi dei Giardini Oasi importanti relatori, tra cui il presidente della Fondazione &#8220;Fiumara d&#8217;Arte&#8221;, Antonio Presti. Bilancio ampiamente positivo, infine, anche per l&#8217;estemporanea artistica degli allievi dell&#8217;Accademia di Belle Arti &#8220;Leonardo Da Vinci&#8221; di Ficarra (Me), che si \u00e8 svolta nell&#8217;Auditorium del Parco urbano &#8220;Maggiore La Rosa&#8221;, e per il laboratorio creativo, che ha coinvolto gli alunni della scuola media &#8220;Ugo Foscolo&#8221; di Sant&#8217;Antonino.<\/p>\n<p style=\"text-align: justify;\">Con questi\u00a0 eventi la citt\u00e0 di Barcellona Pozzo di Gotto ha voluto rendere un ultimo omaggio ad un uomo, Mariano Pietrini, \u00a0che\u00a0 ha fatto dell\u2019arte la sua ragione di vita, \u00a0amandola e respirandola in tutte le sue molteplici trasformazioni e sfumature. Un uomo, \u00a0che\u00a0 ha saputo far amare\u00a0 ci\u00f2 che di pi\u00f9 arido esiste in natura, la pietra, che attraverso le sue mani prendeva vita, diventando ci\u00f2 che era \u00a0scritto nel suo destino, che si trattasse di una\u00a0 semplice scultura o che si prestasse a dare vita ad un sogno quale \u00e8 il Parco Museo Jalari. Adesso che lui \u00e8 andato ad abitare in quell\u2019universo di luce cos\u00ec tante volte declamato nelle sue opere letterarie ed artistiche, il Parco Museo Jalari\u00a0 e tutte le sue opere, \u00a0sparse per il mondo, \u00a0diventano baluardo\u00a0 incontrastato delle sue\u00a0 convinzioni.\u00a0 Tutti i sogni, piccoli o grandi che siano, \u00a0possono \u00a0realizzarsi; basta crederci!<\/p>\n<p> <\/p>\n","protected":false},"excerpt":{"rendered":"<p>Grandissime emozioni e tanta commozione hanno caratterizzato l\u2019inaugurazione del gruppo scultoreo dal titolo &#8220;L&#8217;Universo della Luce, la Pace&#8221;, avvenuta domenica scorsa, realizzato da Mariano Pietrini, pittore, scultore e poeta barcellonese recentemente scomparso. L\u2019evento giunge al termine di un\u2019intensa settimana contraddistinta da una serie di iniziative che hanno spaziato dall&#8217;arte allo sport. L&#8217;installazione dell&#8217;opera, che sorge [&hellip;]<\/p>\n","protected":false},"author":5,"featured_media":2132,"comment_status":"closed","ping_status":"open","sticky":false,"template":"","format":"standard","meta":{"ub_ctt_via":"","_mi_skip_tracking":false},"categories":[16],"tags":[],"featured_image_src":"https:\/\/www.messinaoggi.it\/website\/wp-content\/uploads\/2017\/06\/gruppo-sculture-Mariano-Pietrini-copertina-2.jpg","author_info":{"display_name":"Maria Antonella Saia","author_link":"https:\/\/www.messinaoggi.it\/website\/author\/m-saia\/"},"digistream_id":0,"digistream":false,"_links":{"self":[{"href":"https:\/\/www.messinaoggi.it\/website\/wp-json\/wp\/v2\/posts\/2131"}],"collection":[{"href":"https:\/\/www.messinaoggi.it\/website\/wp-json\/wp\/v2\/posts"}],"about":[{"href":"https:\/\/www.messinaoggi.it\/website\/wp-json\/wp\/v2\/types\/post"}],"author":[{"embeddable":true,"href":"https:\/\/www.messinaoggi.it\/website\/wp-json\/wp\/v2\/users\/5"}],"replies":[{"embeddable":true,"href":"https:\/\/www.messinaoggi.it\/website\/wp-json\/wp\/v2\/comments?post=2131"}],"version-history":[{"count":0,"href":"https:\/\/www.messinaoggi.it\/website\/wp-json\/wp\/v2\/posts\/2131\/revisions"}],"wp:featuredmedia":[{"embeddable":true,"href":"https:\/\/www.messinaoggi.it\/website\/wp-json\/wp\/v2\/media\/2132"}],"wp:attachment":[{"href":"https:\/\/www.messinaoggi.it\/website\/wp-json\/wp\/v2\/media?parent=2131"}],"wp:term":[{"taxonomy":"category","embeddable":true,"href":"https:\/\/www.messinaoggi.it\/website\/wp-json\/wp\/v2\/categories?post=2131"},{"taxonomy":"post_tag","embeddable":true,"href":"https:\/\/www.messinaoggi.it\/website\/wp-json\/wp\/v2\/tags?post=2131"}],"curies":[{"name":"wp","href":"https:\/\/api.w.org\/{rel}","templated":true}]}}