{"id":213042,"date":"2024-10-02T08:32:10","date_gmt":"2024-10-02T06:32:10","guid":{"rendered":"http:\/\/www.messinaoggi.it\/website\/?p=213042"},"modified":"2024-10-02T08:51:18","modified_gmt":"2024-10-02T06:51:18","slug":"papardo-chiude-oncologia-insorgono-uil-e-uil-fpl","status":"publish","type":"post","link":"https:\/\/www.messinaoggi.it\/website\/2024\/10\/02\/papardo-chiude-oncologia-insorgono-uil-e-uil-fpl\/","title":{"rendered":"Papardo: chiude Oncologia, insorgono Uil e Uil-Fpl"},"content":{"rendered":"\n<p>La Uil e la Uil Fpl di Messina sono venute a conoscenza che, nei giorni scorsi, \u00e8 stato chiuso il reparto di <strong>Oncologia <\/strong>del Papardo. Inoltre, il management dell\u2019azienda ospedaliera Papardo, in modo fulmineo ed\u00a0 inaspettato, senza alcuna informativa alle organizzazioni sindacali, ha disposto anche la riduzione dei posti letto delle Unit\u00e0 operative di <strong>Chirurgia vascolare<\/strong> e di <strong>Chirurgia plastica <\/strong>e il\u00a0 contemporaneo trasferimento del reparto di chirurgia vascolare nei medesimi locali in\u00a0 cui \u00e8 ubicata l\u2019unit\u00e0 operativa di chirurgia plastica.\u00a0<div id=\"div-gpt-ad-Messinaoggi.it-DSK-300x250-corpoart\" style=\"text-align:center;margin:0 auto;\"><\/div><\/p>\n\n\n\n<figure class=\"wp-block-image size-large\"><img loading=\"lazy\" width=\"1024\" height=\"768\" src=\"http:\/\/www.messinaoggi.it\/website\/wp-content\/uploads\/2022\/05\/6625380B-56D0-4BF0-A11C-6998806176A2-1024x768.jpeg\" alt=\"\" class=\"wp-image-108627\" srcset=\"https:\/\/www.messinaoggi.it\/website\/wp-content\/uploads\/2022\/05\/6625380B-56D0-4BF0-A11C-6998806176A2-1024x768.jpeg 1024w, https:\/\/www.messinaoggi.it\/website\/wp-content\/uploads\/2022\/05\/6625380B-56D0-4BF0-A11C-6998806176A2-300x225.jpeg 300w, https:\/\/www.messinaoggi.it\/website\/wp-content\/uploads\/2022\/05\/6625380B-56D0-4BF0-A11C-6998806176A2-768x576.jpeg 768w, https:\/\/www.messinaoggi.it\/website\/wp-content\/uploads\/2022\/05\/6625380B-56D0-4BF0-A11C-6998806176A2-1536x1152.jpeg 1536w, https:\/\/www.messinaoggi.it\/website\/wp-content\/uploads\/2022\/05\/6625380B-56D0-4BF0-A11C-6998806176A2-2048x1536.jpeg 2048w\" sizes=\"(max-width: 1024px) 100vw, 1024px\" \/><figcaption><strong>Livio Andronico e Ivan Tripodi lanciano l&#8217;allarme (archivio)<\/strong><\/figcaption><\/figure>\n\n\n\n<p>Le organizzazioni sindacali hanno scritto una nota, a firma di <strong>Ivan Tripodi<\/strong>, e <strong>Livio Andronico<\/strong>, rispettivamente segretario generale della Uil e della Uil-Fpl, indirizzandola al governatore della Regione Sicilia, <strong>Renato Schifani<\/strong>, all\u2019assessore alla Salute, <strong>Giovanna Volo<\/strong>, e al management del Papardo.<div id=\"videoincontent\" style=\"clear:both\";><\/div><\/p>\n\n\n\n<p>\u201c<em>Questa decisione \u00e8 stata assunta senza l\u2019adozione di alcun atto deliberativo di  modifica dell\u2019attuale atto aziendale regolarmente approvato dall\u2019assessorato  regionale alla salute. Inoltre, aspetto che appare gravissimo, \u00e8 stata decisa la soppressione dei ricoveri  nell\u2019unit\u00e0 operativa di oncologia, garantendo soltanto l\u2019attivit\u00e0 di day hospital. E\u2019 opportuno evidenziare che il reparto di oncologia, grazie all\u2019impegno e alla  professionalit\u00e0 degli operatori, \u00e8 diventato un punto di riferimento della provincia di  Messina.  Tali improvvide decisioni, inoltre, farebbero aumentare i viaggi della speranza con  pesantissimi disagi per i pazienti e per i loro familiari appesantendo ulteriormente il  bilancio regionale.  Tutto ci\u00f2 rappresenta un punto di non ritorno che rischia di provocare un\u2019ulteriore  emergenza sociale. Com&#8217;\u00e8 noto, l\u2019ospedale Papardo era il fiore all\u2019occhiello della sanit\u00e0 messinese e,  paradossalmente, continua ad essere depotenziato con la conseguenza di un  peggioramento del servizio sanitario pubblico offerto alla collettivit\u00e0. Non vorremmo assolutamente immaginare che l\u2019attuale management abbia adottato  i succitati provvedimenti per far fronte alle irragionevoli richieste imposte in sede di  negoziazione del budget aziendale per rientrare, entro l\u2019anno in corso, del debito  ormai consolidato da anni pari a quindici milioni di euro&#8221;.<\/em><\/p>\n\n\n\n<p>Poi i sindacalisti aggiungono: &#8220;<em>Si tratterebbe dell\u2019ennesimo scippo nei confronti della sanit\u00e0 pubblica nel quadro di un  disegno che punta, ormai, alla totale demolizione della stessa per favorire sempre pi\u00f9  la sanit\u00e0 privata. Pertanto, chiediamo di rivedere urgentemente la negoziazione del  debito e, contestualmente, di ripristinare i posti letto soppressi delle uu.oo. di chirurgia  plastica e chirurgia vascolare. Inoltre, l\u2019Unit\u00e0 operativa di oncologia deve poter sviluppare la propria attivit\u00e0 assistenziale come  previsto dalla rete ospedaliera e, pertanto, prevedere l\u2019immediato rispristino dei  ricoveri. Facciamo presente che in caso di inerzia, saranno intraprese le necessarie azioni ed  iniziative sindacali a tutela dei cittadini utenti della provincia di Messina e per la  salvaguardia del presidio ospedaliero Papardo e di tutti i suoi dipendenti sempre pi\u00f9  minacciati<\/em>&#8220;.<\/p>\n\n\n\n<p>Conclude la nota sindacale della Uil di Messina. <\/p>\n\n\n\n<p>Dichiarazione di Livio Andronico.<\/p>\n\n\n\n<p><a href=\"https:\/\/www.facebook.com\/share\/v\/Do6hQTksA8fzEigV\/\">https:\/\/www.facebook.com\/share\/v\/Do6hQTksA8fzEigV\/<\/a><\/p>\n","protected":false},"excerpt":{"rendered":"<p>La Uil e la Uil Fpl di Messina sono venute a conoscenza che, nei giorni scorsi, \u00e8 stato chiuso il reparto di Oncologia del Papardo. Inoltre, il management dell\u2019azienda ospedaliera Papardo, in modo fulmineo ed\u00a0 inaspettato, senza alcuna informativa alle organizzazioni sindacali, ha disposto anche la riduzione dei posti letto delle Unit\u00e0 operative di Chirurgia [&hellip;]<\/p>\n","protected":false},"author":2,"featured_media":2247,"comment_status":"open","ping_status":"open","sticky":false,"template":"","format":"standard","meta":{"ub_ctt_via":"","_mi_skip_tracking":false},"categories":[19],"tags":[954,2462,10521,812,141],"featured_image_src":"https:\/\/www.messinaoggi.it\/website\/wp-content\/uploads\/2017\/06\/papardo-esterno-totale-messinaoggi-3.jpg","author_info":{"display_name":"Redazione","author_link":"https:\/\/www.messinaoggi.it\/website\/author\/redazione\/"},"digistream_id":0,"digistream":false,"_links":{"self":[{"href":"https:\/\/www.messinaoggi.it\/website\/wp-json\/wp\/v2\/posts\/213042"}],"collection":[{"href":"https:\/\/www.messinaoggi.it\/website\/wp-json\/wp\/v2\/posts"}],"about":[{"href":"https:\/\/www.messinaoggi.it\/website\/wp-json\/wp\/v2\/types\/post"}],"author":[{"embeddable":true,"href":"https:\/\/www.messinaoggi.it\/website\/wp-json\/wp\/v2\/users\/2"}],"replies":[{"embeddable":true,"href":"https:\/\/www.messinaoggi.it\/website\/wp-json\/wp\/v2\/comments?post=213042"}],"version-history":[{"count":5,"href":"https:\/\/www.messinaoggi.it\/website\/wp-json\/wp\/v2\/posts\/213042\/revisions"}],"predecessor-version":[{"id":213054,"href":"https:\/\/www.messinaoggi.it\/website\/wp-json\/wp\/v2\/posts\/213042\/revisions\/213054"}],"wp:featuredmedia":[{"embeddable":true,"href":"https:\/\/www.messinaoggi.it\/website\/wp-json\/wp\/v2\/media\/2247"}],"wp:attachment":[{"href":"https:\/\/www.messinaoggi.it\/website\/wp-json\/wp\/v2\/media?parent=213042"}],"wp:term":[{"taxonomy":"category","embeddable":true,"href":"https:\/\/www.messinaoggi.it\/website\/wp-json\/wp\/v2\/categories?post=213042"},{"taxonomy":"post_tag","embeddable":true,"href":"https:\/\/www.messinaoggi.it\/website\/wp-json\/wp\/v2\/tags?post=213042"}],"curies":[{"name":"wp","href":"https:\/\/api.w.org\/{rel}","templated":true}]}}