{"id":212994,"date":"2024-10-01T18:05:40","date_gmt":"2024-10-01T16:05:40","guid":{"rendered":"https:\/\/www.messinaoggi.it\/website\/2024\/10\/01\/a-laquila-7-edizione-s-e-m-i-storie-eccellenza-merito-e-innovazione\/"},"modified":"2024-10-01T18:05:40","modified_gmt":"2024-10-01T16:05:40","slug":"a-laquila-7-edizione-s-e-m-i-storie-eccellenza-merito-e-innovazione","status":"publish","type":"post","link":"https:\/\/www.messinaoggi.it\/website\/2024\/10\/01\/a-laquila-7-edizione-s-e-m-i-storie-eccellenza-merito-e-innovazione\/","title":{"rendered":"A L\u2019Aquila 7^ edizione S.E.M.I.-Storie eccellenza, merito e innovazione"},"content":{"rendered":"<div>ROMA (ITALPRESS) &#8211; La citt\u00e0 de L&#8217;Aquila, dal 11 al 13 ottobre, si prepara a diventare il fulcro della creativit\u00e0 e dell&#8217;innovazione culturale con la settima edizione di S.E.M.I. &#8211; Storie di eccellenza, merito e innovazione. Promosso dall&#8217;associazione Cultura Italiae, questo evento offrir\u00e0 tre giorni ricchi di dibattiti, spettacoli e incontri con alcune delle eccellenze italiane della cultura, dell&#8217;arte e dell&#8217;economia.<br \/>E non \u00e8 un caso che L&#8217;Aquila sia stata scelta per ospitare questa edizione. Come spiega il sindaco Pierluigi Biondi, &#8220;S.E.M.I. rappresenta un appuntamento fondamentale nel percorso che porter\u00e0 la nostra citt\u00e0 a diventare Capitale della Cultura 2026. Questa iniziativa mette al centro il patrimonio culturale, celebrando la conoscenza, la valorizzazione e la promozione delle nostre eccellenze&#8221;. L&#8217;evento si svolger\u00e0 negli spazi di Palazzo Margherita e del Palazzetto dei Nobili.<br \/>Saranno protagonisti di S.E.M.I 2024 alcuni dei nomi pi\u00f9 autorevoli della scena culturale ed economica.<br \/>Marco Tronchetti Provera aprir\u00e0 l&#8217;evento con un&#8217;intervista esclusiva condotta da Giuseppe De Bellis, direttore di Sky TG24. Il venerd\u00ec sera vedr\u00e0, poi, Lino Guanciale in un recital esclusivo, all&#8217;interno dell&#8217;Oratorio di Sant&#8217;Antonio dei Cavalieri de Nardis, accompagnato da un concerto della talentuosa pianista Giulia Mazzoni.<br \/>Sabato, presso l&#8217;Auditorium del Gran Sasso Science Institute, si terr\u00e0 una plenaria con interventi istituzionali del sindaco Biondi, del rettore dell&#8217;Universit\u00e0 dell&#8217;Aquila Edoardo Alesse, e del presidente di Confindustria Abruzzo Silvano Pagliuca. La giornata proseguir\u00e0 con una serie di interventi di personalit\u00e0 di spicco, tra cui Giovanni Allevi, che terr\u00e0 una masterclass sulla forza della musica, e lo scultore Jago, che affronter\u00e0 il tema della creativit\u00e0 come fonte di crescita personale e collettiva. Nel pomeriggio, gli ospiti avranno anche la possibilit\u00e0 di immergersi nel cuore storico dell&#8217;Aquila attraverso esperienze uniche, come il dialogo tra il regista Donato Carrisi e l&#8217;iconico Santo Versace, che parler\u00e0 di moda quale espressione culturale.<br \/>La serata di sabato culminer\u00e0 nella Cena di Gala, con l&#8217;intervento artistico del maestro Massimiliano Finazzer Flory, un&#8217;occasione per vivere la convivialit\u00e0 in un contesto unico, e sar\u00e0 seguita da una festa con DJ set. La domenica chiuder\u00e0 l&#8217;evento con ulteriori incontri e la consegna dei prestigiosi Premi &#8220;Presidio Culturale Italiano&#8221;, quest&#8217;anno attribuiti a Donato Carrisi e Patrizia Sandretto Re Rebaudengo, per il loro contributo alla promozione della cultura.<br \/>S.E.M.I. 2024 non \u00e8 solo un evento, ma un&#8217;esperienza completa, un laboratorio di idee che unisce tradizione e innovazione. Un&#8217;occasione per scoprire come la cultura possa essere la chiave per affrontare le sfide del nostro tempo, creando ponti, abbattendo barriere e sostenendo la crescita sociale ed economica.<br \/>Cultura Italiae, l&#8217;associazione promotrice dell&#8217;evento, \u00e8 nata nel 2016 come realt\u00e0 indipendente senza scopo di lucro, con l&#8217;obiettivo di valorizzare e promuovere il patrimonio culturale italiano, sia materiale che immateriale. Riunendo giovani, donne e uomini da ambiti diversi come l&#8217;arte, l&#8217;innovazione, lo sport, l&#8217;accademia e l&#8217;economia, Cultura Italiae ha la missione di porre la cultura al centro del dibattito sociale, sostenendo lo sviluppo etico e sostenibile attraverso iniziative di respiro nazionale e internazionale. Dal 2016 ad oggi, l&#8217;associazione ha collaborato con istituzioni di primo piano per promuovere la tutela del patrimonio culturale e sensibilizzare la societ\u00e0 sui rischi che questo affronta. Nel 2024 ha ottenuto l&#8217;accreditamento come Organizzazione Non Governativa (ONG) presso l&#8217;UNESCO nell&#8217;ambito del patrimonio culturale immateriale.<div id=\"div-gpt-ad-Messinaoggi.it-DSK-300x250-corpoart\" style=\"text-align:center;margin:0 auto;\"><\/div><\/p>\n<p>&#8211; Foto Agenzia Fotogramma &#8211;<div id=\"videoincontent\" style=\"clear:both\";><\/div><\/p>\n<p>(ITALPRESS).<\/p><\/div>\n","protected":false},"excerpt":{"rendered":"<p>ROMA (ITALPRESS) &#8211; La citt\u00e0 de L&#8217;Aquila, dal 11 al 13 ottobre, si prepara a diventare il fulcro della creativit\u00e0 e dell&#8217;innovazione culturale con la settima edizione di S.E.M.I. &#8211; Storie di eccellenza, merito e innovazione. Promosso dall&#8217;associazione Cultura Italiae, questo evento offrir\u00e0 tre giorni ricchi di dibattiti, spettacoli e incontri con alcune delle eccellenze [&hellip;]<\/p>\n","protected":false},"author":18,"featured_media":212995,"comment_status":"closed","ping_status":"closed","sticky":false,"template":"","format":"standard","meta":{"ub_ctt_via":"","_mi_skip_tracking":false},"categories":[446],"tags":[783],"featured_image_src":"https:\/\/www.messinaoggi.it\/website\/wp-content\/uploads\/2024\/10\/20241001_1409.jpg","author_info":{"display_name":"Admin","author_link":"https:\/\/www.messinaoggi.it\/website\/author\/admin\/"},"digistream_id":0,"digistream":false,"_links":{"self":[{"href":"https:\/\/www.messinaoggi.it\/website\/wp-json\/wp\/v2\/posts\/212994"}],"collection":[{"href":"https:\/\/www.messinaoggi.it\/website\/wp-json\/wp\/v2\/posts"}],"about":[{"href":"https:\/\/www.messinaoggi.it\/website\/wp-json\/wp\/v2\/types\/post"}],"author":[{"embeddable":true,"href":"https:\/\/www.messinaoggi.it\/website\/wp-json\/wp\/v2\/users\/18"}],"replies":[{"embeddable":true,"href":"https:\/\/www.messinaoggi.it\/website\/wp-json\/wp\/v2\/comments?post=212994"}],"version-history":[{"count":0,"href":"https:\/\/www.messinaoggi.it\/website\/wp-json\/wp\/v2\/posts\/212994\/revisions"}],"wp:featuredmedia":[{"embeddable":true,"href":"https:\/\/www.messinaoggi.it\/website\/wp-json\/wp\/v2\/media\/212995"}],"wp:attachment":[{"href":"https:\/\/www.messinaoggi.it\/website\/wp-json\/wp\/v2\/media?parent=212994"}],"wp:term":[{"taxonomy":"category","embeddable":true,"href":"https:\/\/www.messinaoggi.it\/website\/wp-json\/wp\/v2\/categories?post=212994"},{"taxonomy":"post_tag","embeddable":true,"href":"https:\/\/www.messinaoggi.it\/website\/wp-json\/wp\/v2\/tags?post=212994"}],"curies":[{"name":"wp","href":"https:\/\/api.w.org\/{rel}","templated":true}]}}