{"id":212986,"date":"2024-10-01T18:05:32","date_gmt":"2024-10-01T16:05:32","guid":{"rendered":"https:\/\/www.messinaoggi.it\/website\/2024\/10\/01\/mattarella-in-visita-alla-sede-dellunhcr-a-ginevra\/"},"modified":"2024-10-01T18:09:41","modified_gmt":"2024-10-01T16:09:41","slug":"mattarella-in-visita-alla-sede-dellunhcr-a-ginevra","status":"publish","type":"post","link":"https:\/\/www.messinaoggi.it\/website\/2024\/10\/01\/mattarella-in-visita-alla-sede-dellunhcr-a-ginevra\/","title":{"rendered":"Mattarella in visita alla sede dell\u2019UNHCR a Ginevra"},"content":{"rendered":"<div>GINEVRA (SVIZZERA) (ITALPRESS) &#8211; Il Presidente della Repubblica Italiana, Sergio Mattarella, ha visitato oggi la sede dell&#8217;UNHCR, l&#8217;Agenzia ONU per i Rifugiati a Ginevra. La visita, a 70 anni esatti dalla ratifica della Convenzione di Ginevra sullo status dei rifugiati del 1951 da parte dell&#8217;Italia, conferma la forte collaborazione fra l&#8217;Italia e l&#8217;UNHCR e sottolinea l&#8217;impegno e la solidariet\u00e0 dell&#8217;Italia nei confronti dei rifugiati e dei richiedenti asilo in tutto il mondo.<br \/>Al suo arrivo, il Presidente Mattarella \u00e8 stato accolto da Filippo Grandi, Alto Commissario delle Nazioni Unite per i Rifugiati, accompagnato da Philippe Leclerc, Direttore regionale dell&#8217;UNHCR per l&#8217;Europa, e Chiara Cardoletti, Rappresentante dell&#8217;UNHCR per l&#8217;Italia, la Santa Sede e San Marino, e ha salutato lo staff di nazionalit\u00e0 italiana dell&#8217;Agenzia ONU per i Rifugiati.<br \/>&#8220;Sono lietissimo di questa occasione di incontro e di essere qui per la prima volta come Presidente della Repubblica Italiana, non soltanto per incontrarsi, ascoltarsi e dialogare ma per rendere omaggio a quello che qui viene svolto. E&#8217; un punto cruciale, sempre di pi\u00f9 della vita internazionale perch\u00e8 \u00e8 un costante richiamo, sempre pi\u00f9 necessario a quanto sembra, alla dimensione umana della convivenza internazionale&#8221;, ha detto Mattarella nel suo saluto.<br \/>&#8220;Per questo il sostegno all&#8217;Agenzia, l&#8217;apprezzamento per quello che fa \u00e8 elevatissimo ed \u00e8 assolutamente pieno. Un piacere salutare tutti coloro che operano qui in questo segmento fondamentale delle Nazioni Unite che riguarda gli aspetti di emergenza costante &#8211; ha aggiunto il capo dello Stato -. Per me \u00e8 un gran piacere salutare gli italiani che lavorano qui, siete per il nostro Paese una rappresentanza di primissimo livello nella dimensione internazionale. Portate qui il contributo del nostro modo di pensare, della civilt\u00e0, della volont\u00e0 di pace, di rispetto della dignit\u00e0 umana. Questo \u00e8 un contributo alla vita internazionale e al prestigio del nostro Paese&#8221;. <br \/>&#8220;Questo incontro &#8211; spiega l&#8217;UNHCR in una nota &#8211; ha rappresentato un&#8217;importante occasione per ringraziare il Presidente Mattarella per l&#8217;impegno dell&#8217;Italia volto a sostenere la protezione dei rifugiati a livello globale e in Italia. Tale impegno include il supporto ai Paesi che ospitano le popolazioni pi\u00f9 grandi di rifugiati e sfollati, e l&#8217;attivazione ed ampliamento di percorsi sicuri e regolari per accedere alla protezione in Europa. Dal 2015, oltre 10.000 persone sono arrivate in Italia con programmi di reinsediamento, corridoi umanitari, evacuazioni di emergenza e altri canali complementari, posizionando l&#8217;Italia come un punto di riferimento a livello globale in quest&#8217;area&#8221;.<br \/>&#8220;Sono grato al Presidente Mattarella per il suo sostegno di lunga data alle questioni riguardanti le persone rifugiate&#8221;, ha dichiarato Filippo Grandi, Alto Commissario per i Rifugiati. &#8220;L&#8217;Italia \u00e8 un partner cruciale a livello globale sia per il sostegno umanitario che fornisce all&#8217;estero sia per la solidariet\u00e0 che dimostra nel Paese nei confronti delle persone che necessitano di protezione internazionale. L&#8217;approccio positivo del Presidente \u00e8 un esempio per gli altri nel tentativo di promuovere la coesione sociale e la comprensione reciproca&#8221;.<br \/>La collaborazione dell&#8217;UNHCR con l&#8217;Italia, Paese situato ai confini esterni dell&#8217;Europa, si \u00e8 notevolmente ampliata nel corso degli anni, con l&#8217;UNHCR attivamente impegnata a lavorare con i governi italiani per garantire la protezione e le soluzioni per le persone che arrivano in primo luogo attraverso le rotte del Mediterraneo e dei Balcani. L&#8217;UNHCR collabora inoltre con la societ\u00e0 civile, le autorit\u00e0 locali, le universit\u00e0 e il settore privato che, come Sistema Paese, portano un contributo indispensabile per la protezione e l&#8217;integrazione dei rifugiati, cos\u00ec come dimostrato negli impegni presi al Forum Globale sui Rifugiati del 2023.<br \/>L&#8217;Italia \u00e8 diventata uno dei primi 20 donatori globali dell&#8217;UNHCR, e la visita del Presidente Mattarella rappresenta un momento significativo per l&#8217;UNHCR e per il rafforzamento delle relazioni tra l&#8217;Agenzia e l&#8217;Italia. L&#8217;Italia continua a giocare un ruolo cruciale nel fornire protezione e aiuti alle persone costrette alla fuga e nel promuovere gli sforzi umanitari e il sostegno ai Paesi ospitanti e a quelli di transito.<div id=\"div-gpt-ad-Messinaoggi.it-DSK-300x250-corpoart\" style=\"text-align:center;margin:0 auto;\"><\/div><\/p>\n<p>&#8211; Foto ufficio stampa Quirinale &#8211;<div id=\"videoincontent\" style=\"clear:both\";><\/div><\/p>\n<p>(ITALPRESS).<\/p><\/div>\n","protected":false},"excerpt":{"rendered":"<p>GINEVRA (SVIZZERA) (ITALPRESS) &#8211; Il Presidente della Repubblica Italiana, Sergio Mattarella, ha visitato oggi la sede dell&#8217;UNHCR, l&#8217;Agenzia ONU per i Rifugiati a Ginevra. La visita, a 70 anni esatti dalla ratifica della Convenzione di Ginevra sullo status dei rifugiati del 1951 da parte dell&#8217;Italia, conferma la forte collaborazione fra l&#8217;Italia e l&#8217;UNHCR e sottolinea [&hellip;]<\/p>\n","protected":false},"author":18,"featured_media":212987,"comment_status":"closed","ping_status":"closed","sticky":false,"template":"","format":"standard","meta":{"ub_ctt_via":"","_mi_skip_tracking":false},"categories":[446,4],"tags":[783],"featured_image_src":"https:\/\/www.messinaoggi.it\/website\/wp-content\/uploads\/2024\/10\/20241001_1072.jpg","author_info":{"display_name":"Admin","author_link":"https:\/\/www.messinaoggi.it\/website\/author\/admin\/"},"digistream_id":0,"digistream":false,"_links":{"self":[{"href":"https:\/\/www.messinaoggi.it\/website\/wp-json\/wp\/v2\/posts\/212986"}],"collection":[{"href":"https:\/\/www.messinaoggi.it\/website\/wp-json\/wp\/v2\/posts"}],"about":[{"href":"https:\/\/www.messinaoggi.it\/website\/wp-json\/wp\/v2\/types\/post"}],"author":[{"embeddable":true,"href":"https:\/\/www.messinaoggi.it\/website\/wp-json\/wp\/v2\/users\/18"}],"replies":[{"embeddable":true,"href":"https:\/\/www.messinaoggi.it\/website\/wp-json\/wp\/v2\/comments?post=212986"}],"version-history":[{"count":1,"href":"https:\/\/www.messinaoggi.it\/website\/wp-json\/wp\/v2\/posts\/212986\/revisions"}],"predecessor-version":[{"id":213000,"href":"https:\/\/www.messinaoggi.it\/website\/wp-json\/wp\/v2\/posts\/212986\/revisions\/213000"}],"wp:featuredmedia":[{"embeddable":true,"href":"https:\/\/www.messinaoggi.it\/website\/wp-json\/wp\/v2\/media\/212987"}],"wp:attachment":[{"href":"https:\/\/www.messinaoggi.it\/website\/wp-json\/wp\/v2\/media?parent=212986"}],"wp:term":[{"taxonomy":"category","embeddable":true,"href":"https:\/\/www.messinaoggi.it\/website\/wp-json\/wp\/v2\/categories?post=212986"},{"taxonomy":"post_tag","embeddable":true,"href":"https:\/\/www.messinaoggi.it\/website\/wp-json\/wp\/v2\/tags?post=212986"}],"curies":[{"name":"wp","href":"https:\/\/api.w.org\/{rel}","templated":true}]}}